{"id":67428,"date":"2007-01-03T00:01:00","date_gmt":"2007-01-02T23:01:00","guid":{"rendered":"https:\/\/mediarun.com\/index.php\/news-posts\/naj-ma-nowa-naczelna\/"},"modified":"2007-01-03T00:01:00","modified_gmt":"2007-01-02T23:01:00","slug":"naj-ma-nowa-naczelna","status":"publish","type":"post","link":"https:\/\/mediarun.com\/pl\/ludzie\/awanse\/naj-ma-nowa-naczelna.html","title":{"rendered":"Naj ma now\u0105 naczeln\u0105"},"content":{"rendered":"<p><P>w wydawnictwie Axel Springer, gdzie prowadzi\u0142a redakcj\u0119 magazynu Pani Domu Poleca. By\u0142a tak\u017ce zast\u0119pc\u0105 naczelnej Pani Domu. Wcze\u015bniej Pawilonis zwi\u0105zana by\u0142a r\u00f3wnie\u017c z wydawnictwami T-Jot oraz Pr\u00f3szy\u0144ski i Sp\u00f3\u0142ka. Zajmowa\u0142a si\u0119 tam projektami nowych tytu\u0142\u00f3w kobiecych. <\/P><br \/>\n<P>Katarzyna Nazarewicz-Sosi\u0144ska, dotychczas pe\u0142ni\u0105ca funkcj\u0119 redaktor naczelnej tygodnika Naj, obejmie stanowisko szefa projekt\u00f3w cross-mediowych wydawnictwa G+J. Odpowiedzialna b\u0119dzie za ekspansj\u0119 tytu\u0142\u00f3w G+J w mediach elektronicznych. <\/P><br \/>\n<P>Wraz z pocz\u0105tkiem roku Gruner+Jahr stworzy\u0142 r\u00f3wnie\u017c nowy dzia\u0142 w strukturze wydawnictwa. W ramach new business Micha\u0142 Wieteska odpowiedzialny b\u0119dzie za koordynacj\u0119 wsp\u00f3\u0142pracy na szczeblu korporacyjnym. Jego prac\u0119 nadzorowa\u0107 ma Micha\u0142 Brudzy\u0144ski. <\/P><\/p>\n","protected":false},"excerpt":{"rendered":"Hanna Pawilonis od nowego roku obj\u0119\u0142a stanowisko redaktor naczelnej tygodnika Naj. Dotychczas pracowa\u0142a ona&#8230;","protected":false},"author":1,"featured_media":67429,"comment_status":"open","ping_status":"closed","sticky":false,"template":"","format":"standard","meta":{"csco_display_header_overlay":false,"csco_singular_sidebar":"","csco_page_header_type":"","csco_page_load_nextpost":"","csco_post_video_location":[],"csco_post_video_location_hash":"","csco_post_video_url":"","csco_post_video_bg_start_time":0,"csco_post_video_bg_end_time":0,"footnotes":""},"categories":[9678],"tags":[95,973,126],"class_list":{"0":"post-67428","1":"post","2":"type-post","3":"status-publish","4":"format-standard","5":"has-post-thumbnail","7":"category-awanse","8":"tag-gj","9":"tag-radio-eska","10":"tag-ringier-axel-springer","11":"cs-entry","12":"cs-video-wrap"},"_links":{"self":[{"href":"https:\/\/mediarun.com\/pl\/wp-json\/wp\/v2\/posts\/67428","targetHints":{"allow":["GET"]}}],"collection":[{"href":"https:\/\/mediarun.com\/pl\/wp-json\/wp\/v2\/posts"}],"about":[{"href":"https:\/\/mediarun.com\/pl\/wp-json\/wp\/v2\/types\/post"}],"author":[{"embeddable":true,"href":"https:\/\/mediarun.com\/pl\/wp-json\/wp\/v2\/users\/1"}],"replies":[{"embeddable":true,"href":"https:\/\/mediarun.com\/pl\/wp-json\/wp\/v2\/comments?post=67428"}],"version-history":[{"count":0,"href":"https:\/\/mediarun.com\/pl\/wp-json\/wp\/v2\/posts\/67428\/revisions"}],"wp:featuredmedia":[{"embeddable":true,"href":"https:\/\/mediarun.com\/pl\/wp-json\/wp\/v2\/media\/67429"}],"wp:attachment":[{"href":"https:\/\/mediarun.com\/pl\/wp-json\/wp\/v2\/media?parent=67428"}],"wp:term":[{"taxonomy":"category","embeddable":true,"href":"https:\/\/mediarun.com\/pl\/wp-json\/wp\/v2\/categories?post=67428"},{"taxonomy":"post_tag","embeddable":true,"href":"https:\/\/mediarun.com\/pl\/wp-json\/wp\/v2\/tags?post=67428"}],"curies":[{"name":"wp","href":"https:\/\/api.w.org\/{rel}","templated":true}]}}