{"id":67302,"date":"2007-01-05T00:01:00","date_gmt":"2007-01-04T23:01:00","guid":{"rendered":"https:\/\/mediarun.com\/index.php\/news-posts\/mediatak-rozbudowuje-dzial-rozwoju\/"},"modified":"2007-01-05T00:01:00","modified_gmt":"2007-01-04T23:01:00","slug":"mediatak-rozbudowuje-dzial-rozwoju","status":"publish","type":"post","link":"https:\/\/mediarun.com\/pl\/ludzie\/awanse\/mediatak-rozbudowuje-dzial-rozwoju.html","title":{"rendered":"Mediatak rozbudowuje dzia\u0142 rozwoju"},"content":{"rendered":"<p><P>Pokieruje grup\u0105, kt\u00f3ra zajmowa\u0107 si\u0119 b\u0119dzie sprzeda\u017c\u0105 reklam do dodatk\u00f3w telewizyjnych. <\/P><br \/>\n<P>Grup\u0119 stworzono w ramach dzia\u0142u rozwoju sprzeda\u017cy firmy. Dyrektorem tego dzia\u0142u jest Pawe\u0142 Kossek. <\/P><br \/>\n<P>Busz pracowa\u0142a wcze\u015bniej m.in. w Grupie Wydawniczej Infor, w Bonnier Business Polska i Ad Meritum. Do Mediatak przesz\u0142a z AiM Media, gdzie pe\u0142ni\u0142a funkcj\u0119 szefa biura reklamy. <\/P><\/p>\n","protected":false},"excerpt":{"rendered":"Agnieszka Busz obj\u0119\u0142a stanowisko kierownika reklamy dodatk\u00f3w telewizyjnych w zespole Domu Prasy Regionalnej Mediatak.","protected":false},"author":1,"featured_media":67303,"comment_status":"open","ping_status":"closed","sticky":false,"template":"","format":"standard","meta":{"csco_display_header_overlay":false,"csco_singular_sidebar":"","csco_page_header_type":"","csco_page_load_nextpost":"","csco_post_video_location":[],"csco_post_video_location_hash":"","csco_post_video_url":"","csco_post_video_bg_start_time":0,"csco_post_video_bg_end_time":0,"footnotes":""},"categories":[9678],"tags":[3109],"class_list":{"0":"post-67302","1":"post","2":"type-post","3":"status-publish","4":"format-standard","5":"has-post-thumbnail","7":"category-awanse","8":"tag-mediatak","9":"cs-entry","10":"cs-video-wrap"},"_links":{"self":[{"href":"https:\/\/mediarun.com\/pl\/wp-json\/wp\/v2\/posts\/67302","targetHints":{"allow":["GET"]}}],"collection":[{"href":"https:\/\/mediarun.com\/pl\/wp-json\/wp\/v2\/posts"}],"about":[{"href":"https:\/\/mediarun.com\/pl\/wp-json\/wp\/v2\/types\/post"}],"author":[{"embeddable":true,"href":"https:\/\/mediarun.com\/pl\/wp-json\/wp\/v2\/users\/1"}],"replies":[{"embeddable":true,"href":"https:\/\/mediarun.com\/pl\/wp-json\/wp\/v2\/comments?post=67302"}],"version-history":[{"count":0,"href":"https:\/\/mediarun.com\/pl\/wp-json\/wp\/v2\/posts\/67302\/revisions"}],"wp:featuredmedia":[{"embeddable":true,"href":"https:\/\/mediarun.com\/pl\/wp-json\/wp\/v2\/media\/67303"}],"wp:attachment":[{"href":"https:\/\/mediarun.com\/pl\/wp-json\/wp\/v2\/media?parent=67302"}],"wp:term":[{"taxonomy":"category","embeddable":true,"href":"https:\/\/mediarun.com\/pl\/wp-json\/wp\/v2\/categories?post=67302"},{"taxonomy":"post_tag","embeddable":true,"href":"https:\/\/mediarun.com\/pl\/wp-json\/wp\/v2\/tags?post=67302"}],"curies":[{"name":"wp","href":"https:\/\/api.w.org\/{rel}","templated":true}]}}