{"id":67300,"date":"2007-01-05T00:01:00","date_gmt":"2007-01-04T23:01:00","guid":{"rendered":"https:\/\/mediarun.com\/index.php\/news-posts\/nowy-dzial-internetowy-w-edipresse\/"},"modified":"2007-01-05T00:01:00","modified_gmt":"2007-01-04T23:01:00","slug":"nowy-dzial-internetowy-w-edipresse","status":"publish","type":"post","link":"https:\/\/mediarun.com\/pl\/ludzie\/awanse\/nowy-dzial-internetowy-w-edipresse.html","title":{"rendered":"Nowy dzia\u0142 internetowy w Edipresse"},"content":{"rendered":"<p><P>pionu Internet i Marketing Mobilny. B\u0119dzie on odpowiedzialny za realizacj\u0119 bud\u017cet\u00f3w dla serwisu polki.pl, babyonline.pl oraz witryn tytu\u0142\u00f3w. <\/P><br \/>\n<P>Wcze\u015bniej Malinowski zwi\u0105zany by\u0142 z dzia\u0142em sprzeda\u017cy portalu Gazeta.pl, gdzie pracowa\u0142 na stanowisku account managera. <\/P><br \/>\n<P>Jacek Pecko zosta\u0142 kierownikiem ds. technologii i odpowiada\u0107 b\u0119dzie za poprawne dzia\u0142anie wszystkich serwis\u00f3w internetowych oraz emisj\u0119 kampanii reklamowych klient\u00f3w. <\/P><br \/>\n<P>Marta Fidecka obj\u0119\u0142a funkcj\u0119 kierownika ds. contentu parentingowego, natomiast Tomasz Sofu\u0142 pracowa\u0107 b\u0119dzie jako kierownik ds. promocji w internecie, kt\u00f3ry poza wprowadzeniem na rynek wspomnianego serwisu parentingowego zajmie si\u0119 r\u00f3wnie\u017c serwisem polki.pl i serwisami poszczeg\u00f3lnych tytu\u0142\u00f3w. <\/P><br \/>\n<P>W strukturze dzia\u0142u Internet i Marketing Mobilny zosta\u0142o zlikwidowane stanowisko redaktora naczelnego serwisu polki.pl. Dotychczasowa redaktor naczelna, Marta Sobolska rozstaje si\u0119 z wydawnictwem z ko\u0144cem stycznia. <\/P><br \/>\n<P>Kordian Weso\u0142owski obj\u0105\u0142 stanowisko dyrektora ds. marketingu mobilnego zast\u0119puj\u0105c tym samym Waldemara Kurka-Mosakowskiego, kt\u00f3ry rozsta\u0142 si\u0119 z wydawnictwem z ko\u0144cem roku 2006. Wcze\u015bniej Weso\u0142owski pracowa\u0142 w Edipresse na stanowisku specjalisty ds. marketingu mobilnego. <\/P><br \/>\n<P>Dzia\u0142 internetowy Edipresse Polska odpowiada za strategi\u0119 i wynik finansowy serwis\u00f3w: www.polki.pl, nowego serwisu www.babyonline.pl oraz witryn tytu\u0142\u00f3w. Kieruje nim od 1 listopada 2006 roku Anna K\u0119sicka, pe\u0142nomocnik zarz\u0105du ds. internetu. <\/P><\/p>\n","protected":false},"excerpt":{"rendered":"Cezary Malinowski wraz z pocz\u0105tkiem stycznia obj\u0105\u0142 stanowisko kierownika dzia\u0142u reklamy Edipresse Polska nale\u017c\u0105cego do&#8230;","protected":false},"author":1,"featured_media":67301,"comment_status":"open","ping_status":"closed","sticky":false,"template":"","format":"standard","meta":{"csco_display_header_overlay":false,"csco_singular_sidebar":"","csco_page_header_type":"","csco_page_load_nextpost":"","csco_post_video_location":[],"csco_post_video_location_hash":"","csco_post_video_url":"","csco_post_video_bg_start_time":0,"csco_post_video_bg_end_time":0,"footnotes":""},"categories":[9678],"tags":[],"class_list":{"0":"post-67300","1":"post","2":"type-post","3":"status-publish","4":"format-standard","5":"has-post-thumbnail","7":"category-awanse","8":"cs-entry","9":"cs-video-wrap"},"_links":{"self":[{"href":"https:\/\/mediarun.com\/pl\/wp-json\/wp\/v2\/posts\/67300","targetHints":{"allow":["GET"]}}],"collection":[{"href":"https:\/\/mediarun.com\/pl\/wp-json\/wp\/v2\/posts"}],"about":[{"href":"https:\/\/mediarun.com\/pl\/wp-json\/wp\/v2\/types\/post"}],"author":[{"embeddable":true,"href":"https:\/\/mediarun.com\/pl\/wp-json\/wp\/v2\/users\/1"}],"replies":[{"embeddable":true,"href":"https:\/\/mediarun.com\/pl\/wp-json\/wp\/v2\/comments?post=67300"}],"version-history":[{"count":0,"href":"https:\/\/mediarun.com\/pl\/wp-json\/wp\/v2\/posts\/67300\/revisions"}],"wp:featuredmedia":[{"embeddable":true,"href":"https:\/\/mediarun.com\/pl\/wp-json\/wp\/v2\/media\/67301"}],"wp:attachment":[{"href":"https:\/\/mediarun.com\/pl\/wp-json\/wp\/v2\/media?parent=67300"}],"wp:term":[{"taxonomy":"category","embeddable":true,"href":"https:\/\/mediarun.com\/pl\/wp-json\/wp\/v2\/categories?post=67300"},{"taxonomy":"post_tag","embeddable":true,"href":"https:\/\/mediarun.com\/pl\/wp-json\/wp\/v2\/tags?post=67300"}],"curies":[{"name":"wp","href":"https:\/\/api.w.org\/{rel}","templated":true}]}}