{"id":67224,"date":"2007-01-08T06:00:00","date_gmt":"2007-01-08T05:00:00","guid":{"rendered":"https:\/\/mediarun.com\/index.php\/news-posts\/tvp-kultura-z-nowa-ramowka\/"},"modified":"2007-01-08T06:00:00","modified_gmt":"2007-01-08T05:00:00","slug":"tvp-kultura-z-nowa-ramowka","status":"publish","type":"post","link":"https:\/\/mediarun.com\/pl\/media\/tv\/tvp-kultura-z-nowa-ramowka.html","title":{"rendered":"TVP Kultura z now\u0105 ram\u00f3wk\u0105"},"content":{"rendered":"<p><P>Jedn\u0105 z nowo\u015bci b\u0119dzie &#8222;talk-show dla inteligent\u00f3w&#8221;, czyli publicystyczny program Wojciecha Klaty, pt. &#8222;Socjopaci&#8221;. <\/P><br \/>\n<P>W co drugi czwartek, o godz. 23 prowadz\u0105cy rozmawia\u0107 b\u0119dzie z indywidualno\u015bciami polskiej kultury. Bohaterami pierwszych odcink\u00f3w b\u0119d\u0105: Dorota Mas\u0142owska, Wilhelm Sasnal oraz Piotr Waglewski. Trzech intelektualist\u00f3w, Marek Cichocki, Dariusz Gawin i Dariusz Kar\u0142owicz poprowadz\u0105 kolejny program &#8211; &#8222;Trzeci punkt widzenia&#8221;, w kt\u00f3rym komentowa\u0107 b\u0119d\u0105 trzy najciekawsze wydarzenia mijaj\u0105cego tygodnia w polityce, sztuce, sporcie, czy gospodarce. Trio pojawia\u0107 si\u0119 b\u0119dzie na ekranach w soboty ok. 22. Kulturalne propozycje &#8222;Na weekend&#8221; przedstawi w swojej audycji Magda Juszczyk. O tym co, gdzie i kiedy warto obejrze\u0107 podczas nadchodz\u0105cego weekendu widzowie dowiedz\u0105 si\u0119 w ka\u017cdy pi\u0105tek ok. 17.50. <\/P><br \/>\n<P>Poza pozycjami publicystycznymi TVP Kultura proponuje telewidzom od wtorku do pi\u0105tku cykl p\u00f3\u0142godzinnych magazyn\u00f3w tematycznych nadawanych po godz. 22. We wtorki \u0141ukasz Drewniak poprowadzi program &#8222;Sceny ze sceny&#8221;, czyli rozmowy o teatrze. W \u015brody ukazywa\u0107 si\u0119 b\u0119dzie magazyn literacki &#8222;Czytelnia&#8221;. W czwartki za\u015b &#8211; &#8222;Nast\u0119pny seans filmowy&#8221; &#8211; magazyn filmowy, kt\u00f3ry poprowadzi Micha\u0142 Chaci\u0144ski. Pi\u0105tkowe wieczory nale\u017ce\u0107 b\u0119d\u0105 do Jacka Hawryluka i Bartka Chaci\u0144skiego, kt\u00f3rzy wsp\u00f3lnie przedstawi\u0105 widzom magazyn muzyczny &#8222;Co s\u0142ycha\u0107?&#8221;. <\/P><br \/>\n<P>Od stycznia w ram\u00f3wce stacji znajd\u0105 si\u0119 r\u00f3wnie\u017c pozycje dla m\u0142odej widowni. W ka\u017cdy czwartek, o godz. 19.50 znani arty\u015bci czyta\u0107 b\u0119d\u0105 dzieciom najciekawsze wsp\u00f3\u0142czesne ksi\u0105\u017cki w ramach audycji &#8222;Bajkonurrr&#8230;&#8221; Wtorkowe wieczory zajmie cykl &#8222;Serial dla m\u0142odego widza&#8221;, gdzie wy\u015bwietlane b\u0119d\u0105 klasyki m\u0142odzie\u017cowych seriali, m.in. &#8222;Stawiam na Tolka Banana&#8221;, czy &#8222;Wakacje z duchami&#8221;. Weekendow\u0105 propozycj\u0105 kana\u0142u jest &#8222;Kino lektur szkolnych&#8221;, czyli cykl filmowych adaptacji szkolnych lektur. Filmy emitowane b\u0119d\u0105 w soboty, o godzinie 15. <\/P><br \/>\n<P>Dla nieco starszej widowni TVP Kultura przygotowa\u0142a pasmo filmowe &#8222;Ulice PRL-u&#8221; w ramach kt\u00f3rego zobaczymy m.in. &#8222;Jana Serce&#8221;, &#8222;Polskie drogi&#8221;, &#8222;Dom&#8221;. We wtorki o godz. 18.00 obejrze\u0107 b\u0119dzie mo\u017cna polskie filmy dokumentalne z ostatnich lat, natomiast w niedziele o godz. 15 emitowane b\u0119d\u0105 seriale historyczne, kt\u00f3re powsta\u0142y w latach 70., m.in. &#8222;Kr\u00f3lowa Bona&#8221;. <\/P><br \/>\n<P>W nowej ram\u00f3wce pojawi\u0105 si\u0119 tak\u017ce koncerty, spektakle teatralne, widowiska operowe i filmy fabularne z ca\u0142ego \u015bwiata. W poniedzia\u0142ki o godz. 20.30 zobaczy\u0107 b\u0119dzie mo\u017cna filmowe adaptacje literatury. W ka\u017cdy wtorek o godz. 20.30 widzowie b\u0119d\u0105 mogli obejrze\u0107 spektakle teatralne, za\u015b w \u015brody o godz. 20.30 koncerty muzyki rozrywkowej z ca\u0142ego \u015bwiata. W czwartki o godz. 20.30 emitowane b\u0119d\u0105 filmy najwi\u0119kszych tw\u00f3rc\u00f3w kina, a w pi\u0105tkowe wieczory &#8211; najwybitniejsze spektakle operowe i baletowe. W soboty o godz. 20.30 emitowane b\u0119d\u0105 najg\u0142o\u015bniejsze wsp\u00f3\u0142czesne filmy fabularne z ca\u0142ego \u015bwiata, za\u015b w niedzielne wieczory &#8211; filmy fabularne wybrane przez go\u015bci TVP Kultura. <\/P><br \/>\n<P>Dodatkowo od stycznia programy TVP Kultura b\u0119dzie mo\u017cna ogl\u0105da\u0107 na antenie TVP 3. &#8222;Informacje TVP Kultura&#8221; swoje premiery b\u0119d\u0105 mie\u0107 od poniedzia\u0142ku do pi\u0105tku &#8211; o 9:50 i 10:50 oraz soboty i niedziele &#8211; o 17:15. <\/P><\/p>\n","protected":false},"excerpt":{"rendered":"Kana\u0142 TVP Kultura proponuje swoim widzom programowe nowo\u015bci: wi\u0119cej publicystyki, magazyny tematyczne, pasma filmowe i audycje dla m\u0142odej widowni.","protected":false},"author":1,"featured_media":67225,"comment_status":"open","ping_status":"closed","sticky":false,"template":"","format":"standard","meta":{"csco_display_header_overlay":false,"csco_singular_sidebar":"","csco_page_header_type":"","csco_page_load_nextpost":"","csco_post_video_location":[],"csco_post_video_location_hash":"","csco_post_video_url":"","csco_post_video_bg_start_time":0,"csco_post_video_bg_end_time":0,"footnotes":""},"categories":[9670],"tags":[2996],"class_list":{"0":"post-67224","1":"post","2":"type-post","3":"status-publish","4":"format-standard","5":"has-post-thumbnail","7":"category-tv","8":"tag-talk-show","9":"cs-entry","10":"cs-video-wrap"},"_links":{"self":[{"href":"https:\/\/mediarun.com\/pl\/wp-json\/wp\/v2\/posts\/67224","targetHints":{"allow":["GET"]}}],"collection":[{"href":"https:\/\/mediarun.com\/pl\/wp-json\/wp\/v2\/posts"}],"about":[{"href":"https:\/\/mediarun.com\/pl\/wp-json\/wp\/v2\/types\/post"}],"author":[{"embeddable":true,"href":"https:\/\/mediarun.com\/pl\/wp-json\/wp\/v2\/users\/1"}],"replies":[{"embeddable":true,"href":"https:\/\/mediarun.com\/pl\/wp-json\/wp\/v2\/comments?post=67224"}],"version-history":[{"count":0,"href":"https:\/\/mediarun.com\/pl\/wp-json\/wp\/v2\/posts\/67224\/revisions"}],"wp:featuredmedia":[{"embeddable":true,"href":"https:\/\/mediarun.com\/pl\/wp-json\/wp\/v2\/media\/67225"}],"wp:attachment":[{"href":"https:\/\/mediarun.com\/pl\/wp-json\/wp\/v2\/media?parent=67224"}],"wp:term":[{"taxonomy":"category","embeddable":true,"href":"https:\/\/mediarun.com\/pl\/wp-json\/wp\/v2\/categories?post=67224"},{"taxonomy":"post_tag","embeddable":true,"href":"https:\/\/mediarun.com\/pl\/wp-json\/wp\/v2\/tags?post=67224"}],"curies":[{"name":"wp","href":"https:\/\/api.w.org\/{rel}","templated":true}]}}