{"id":67214,"date":"2007-01-08T16:14:49","date_gmt":"2007-01-08T15:14:49","guid":{"rendered":"https:\/\/mediarun.com\/index.php\/news-posts\/zmiany-personalne-w-tvp\/"},"modified":"2007-01-08T16:14:49","modified_gmt":"2007-01-08T15:14:49","slug":"zmiany-personalne-w-tvp","status":"publish","type":"post","link":"https:\/\/mediarun.com\/pl\/media\/tv\/zmiany-personalne-w-tvp.html","title":{"rendered":"Zmiany personalne w TVP"},"content":{"rendered":"<p>Szczepan \u017baryn jest dziennikarzem, scenarzyst\u0105 i realizatorem telewizyjnym. Uko\u0144czy\u0142 Wydzia\u0142 Historyczny UW. By\u0142 wsp\u00f3\u0142autorem wielu cykli programowych TVP &#8211; zar\u00f3wno publicystycznych jak i historycznych. W Telewizji Polskiej pracowa\u0142 tak\u017ce jako komentator i redaktor prowadz\u0105cy. \u017baryn pe\u0142ni\u0142 tak\u017ce funkcj\u0119 wiceprzewodnicz\u0105cego (w latach 1998 -2002) i przewodnicz\u0105cego (2004 &#8211; 2006) Rady Programowej Radia dla Ciebie.<\/p>\n<p>Maria Nadolna uko\u0144czy\u0142a Wydzia\u0142 Zarz\u0105dzania UW. Swoj\u0105 karier\u0119 zawodow\u0105 rozpocz\u0119\u0142a w agencji reklamowej MM Communications Sp. z o.o. Nast\u0119pnie pracowa\u0142a w Agencji Reklamowej Radia Kolor. Z TVP zwi\u0105zana jest od 1997 roku. W latach 1997-2000 pe\u0142ni\u0142a funkcj\u0119 kierownika a nast\u0119pnie zast\u0119pcy dyrektora Biura Reklamy ds. ekonomicznych. Od 2000 roku pe\u0142ni funkcj\u0119 administratora merytorycznego TVP w zakresie modu\u0142u Controlingu. Od 2004 roku zajmowa\u0142a stanowisko zast\u0119pcy dyrektora ds. produkcyjno &#8211; ekonomicznych w Biurze Wsp\u00f3\u0142pracy Mi\u0119dzynarodowej i Handlu TVP S.A.<\/p>\n","protected":false},"excerpt":{"rendered":"Od 1 stycznia 2007 r. Szczepan \u017baryn pe\u0142ni obowi\u0105zki dyrektora Agencji Produkcji Audycji Telewizyjnych TVP. Natomiast dotychczasowa zast\u0119pca dyrektora Biura Wsp\u00f3\u0142pracy Mi\u0119dzynarodowej i Handlu TVP S.A., Maria Nadolna zosta\u0142a pe\u0142ni\u0105c\u0105 obowi\u0105zki dyrektora tej jednostki.","protected":false},"author":1,"featured_media":67215,"comment_status":"open","ping_status":"closed","sticky":false,"template":"","format":"standard","meta":{"csco_display_header_overlay":false,"csco_singular_sidebar":"","csco_page_header_type":"","csco_page_load_nextpost":"","csco_post_video_location":[],"csco_post_video_location_hash":"","csco_post_video_url":"","csco_post_video_bg_start_time":0,"csco_post_video_bg_end_time":0,"footnotes":""},"categories":[9670],"tags":[],"class_list":{"0":"post-67214","1":"post","2":"type-post","3":"status-publish","4":"format-standard","5":"has-post-thumbnail","7":"category-tv","8":"cs-entry","9":"cs-video-wrap"},"_links":{"self":[{"href":"https:\/\/mediarun.com\/pl\/wp-json\/wp\/v2\/posts\/67214","targetHints":{"allow":["GET"]}}],"collection":[{"href":"https:\/\/mediarun.com\/pl\/wp-json\/wp\/v2\/posts"}],"about":[{"href":"https:\/\/mediarun.com\/pl\/wp-json\/wp\/v2\/types\/post"}],"author":[{"embeddable":true,"href":"https:\/\/mediarun.com\/pl\/wp-json\/wp\/v2\/users\/1"}],"replies":[{"embeddable":true,"href":"https:\/\/mediarun.com\/pl\/wp-json\/wp\/v2\/comments?post=67214"}],"version-history":[{"count":0,"href":"https:\/\/mediarun.com\/pl\/wp-json\/wp\/v2\/posts\/67214\/revisions"}],"wp:featuredmedia":[{"embeddable":true,"href":"https:\/\/mediarun.com\/pl\/wp-json\/wp\/v2\/media\/67215"}],"wp:attachment":[{"href":"https:\/\/mediarun.com\/pl\/wp-json\/wp\/v2\/media?parent=67214"}],"wp:term":[{"taxonomy":"category","embeddable":true,"href":"https:\/\/mediarun.com\/pl\/wp-json\/wp\/v2\/categories?post=67214"},{"taxonomy":"post_tag","embeddable":true,"href":"https:\/\/mediarun.com\/pl\/wp-json\/wp\/v2\/tags?post=67214"}],"curies":[{"name":"wp","href":"https:\/\/api.w.org\/{rel}","templated":true}]}}