{"id":67202,"date":"2007-01-09T00:01:00","date_gmt":"2007-01-08T23:01:00","guid":{"rendered":"https:\/\/mediarun.com\/index.php\/news-posts\/media-concept-z-nowym-wiceprezesem\/"},"modified":"2007-01-09T00:01:00","modified_gmt":"2007-01-08T23:01:00","slug":"media-concept-z-nowym-wiceprezesem","status":"publish","type":"post","link":"https:\/\/mediarun.com\/pl\/ludzie\/awanse\/media-concept-z-nowym-wiceprezesem.html","title":{"rendered":"Media Concept z nowym wiceprezesem"},"content":{"rendered":"<p><P>Odpowiedzialny b\u0119dzie za client service i wsp\u00f3\u0142prac\u0119 z mediami. Nowakowski pracuje w Media Concept od siedmiu lat. <\/P><br \/>\n<P>Wcze\u015bniej pe\u0142ni\u0142 funkcj\u0119 media plannera. By\u0142 r\u00f3wnie\u017c dyrektorem obs\u0142ugi klienta i dyrektorem zarz\u0105dzaj\u0105cym. <\/P><\/p>\n","protected":false},"excerpt":{"rendered":"Bartosz Nowakowski obj\u0105\u0142 nowo utworzone stanowisko wiceprezesa zarz\u0105du w domu mediowym Media Concept.","protected":false},"author":1,"featured_media":67203,"comment_status":"open","ping_status":"closed","sticky":false,"template":"","format":"standard","meta":{"csco_display_header_overlay":false,"csco_singular_sidebar":"","csco_page_header_type":"","csco_page_load_nextpost":"","csco_post_video_location":[],"csco_post_video_location_hash":"","csco_post_video_url":"","csco_post_video_bg_start_time":0,"csco_post_video_bg_end_time":0,"footnotes":""},"categories":[9678],"tags":[],"class_list":{"0":"post-67202","1":"post","2":"type-post","3":"status-publish","4":"format-standard","5":"has-post-thumbnail","7":"category-awanse","8":"cs-entry","9":"cs-video-wrap"},"_links":{"self":[{"href":"https:\/\/mediarun.com\/pl\/wp-json\/wp\/v2\/posts\/67202","targetHints":{"allow":["GET"]}}],"collection":[{"href":"https:\/\/mediarun.com\/pl\/wp-json\/wp\/v2\/posts"}],"about":[{"href":"https:\/\/mediarun.com\/pl\/wp-json\/wp\/v2\/types\/post"}],"author":[{"embeddable":true,"href":"https:\/\/mediarun.com\/pl\/wp-json\/wp\/v2\/users\/1"}],"replies":[{"embeddable":true,"href":"https:\/\/mediarun.com\/pl\/wp-json\/wp\/v2\/comments?post=67202"}],"version-history":[{"count":0,"href":"https:\/\/mediarun.com\/pl\/wp-json\/wp\/v2\/posts\/67202\/revisions"}],"wp:featuredmedia":[{"embeddable":true,"href":"https:\/\/mediarun.com\/pl\/wp-json\/wp\/v2\/media\/67203"}],"wp:attachment":[{"href":"https:\/\/mediarun.com\/pl\/wp-json\/wp\/v2\/media?parent=67202"}],"wp:term":[{"taxonomy":"category","embeddable":true,"href":"https:\/\/mediarun.com\/pl\/wp-json\/wp\/v2\/categories?post=67202"},{"taxonomy":"post_tag","embeddable":true,"href":"https:\/\/mediarun.com\/pl\/wp-json\/wp\/v2\/tags?post=67202"}],"curies":[{"name":"wp","href":"https:\/\/api.w.org\/{rel}","templated":true}]}}