{"id":67128,"date":"2007-01-10T00:01:00","date_gmt":"2007-01-09T23:01:00","guid":{"rendered":"https:\/\/mediarun.com\/index.php\/news-posts\/nie-ma-nowej-koncesji-dla-tv-puls\/"},"modified":"2007-01-10T00:01:00","modified_gmt":"2007-01-09T23:01:00","slug":"nie-ma-nowej-koncesji-dla-tv-puls","status":"publish","type":"post","link":"https:\/\/mediarun.com\/pl\/media\/tv\/nie-ma-nowej-koncesji-dla-tv-puls.html","title":{"rendered":"Nie ma nowej koncesji dla TV Puls"},"content":{"rendered":"<p><P>&#8211; poinformowa\u0142a PAP we wtorek asystentka przewodnicz\u0105cej KRRiT Aneta Jamorek. <\/P><br \/>\n<P>Podczas wtorkowego posiedzenia KRRiT wst\u0119pnie rozpatrzy\u0142a natomiast wniosek TV Puls o zmian\u0119 koncesji z wyspecjalizowanej na uniwersaln\u0105. Jak poinformowa\u0142a Jamorek, decyzja w tej sprawie ma zapa\u015b\u0107 na jednym z nast\u0119pnych posiedze\u0144 Rady. <\/P><br \/>\n<P>Obecnie koncesja dla TV Puls stanowi, \u017ce programy o charakterze spo\u0142eczno-religijnym musz\u0105 zajmowa\u0107 70 proc. czasu nadawania stacji, po zmianie koncesji musia\u0142yby one stanowi\u0107 16 proc. Wniosek o zmian\u0119 koncesji TV Puls z\u0142o\u017cy\u0142a w listopadzie ub. roku. <\/P><br \/>\n<P>O dwa wolne miejsca w RN TVP ubiega si\u0119 czterech kandydat\u00f3w.&nbsp;Kandyduj\u0105: prof. Ma\u0142gorzata Korzycka-Iwanow i Bogus\u0142aw Szwedo &#8211; zg\u0142oszeni przez przewodnicz\u0105c\u0105 KRRiT El\u017cbiet\u0119 Kruk, Jan Maria-Jackowski &#8211; kandydat Lecha Haydukiewicza oraz Tomasz Siemi\u0105tkowski &#8211; zg\u0142oszony przez Witolda Ko\u0142odziejskiego.&nbsp;<\/P><\/p>\n","protected":false},"excerpt":{"rendered":"Krajowej Radzie Radiofonii i Telewizji po raz kolejny nie uda\u0142o si\u0119 uzupe\u0142ni\u0107 sk\u0142adu Rady Nadzorczej TVP. G\u0142osowanie w tej sprawie prze\u0142o\u017cono na \u015brod\u0119&#8230;","protected":false},"author":1,"featured_media":67129,"comment_status":"open","ping_status":"closed","sticky":false,"template":"","format":"standard","meta":{"csco_display_header_overlay":false,"csco_singular_sidebar":"","csco_page_header_type":"","csco_page_load_nextpost":"","csco_post_video_location":[],"csco_post_video_location_hash":"","csco_post_video_url":"","csco_post_video_bg_start_time":0,"csco_post_video_bg_end_time":0,"footnotes":""},"categories":[9670],"tags":[],"class_list":{"0":"post-67128","1":"post","2":"type-post","3":"status-publish","4":"format-standard","5":"has-post-thumbnail","7":"category-tv","8":"cs-entry","9":"cs-video-wrap"},"_links":{"self":[{"href":"https:\/\/mediarun.com\/pl\/wp-json\/wp\/v2\/posts\/67128","targetHints":{"allow":["GET"]}}],"collection":[{"href":"https:\/\/mediarun.com\/pl\/wp-json\/wp\/v2\/posts"}],"about":[{"href":"https:\/\/mediarun.com\/pl\/wp-json\/wp\/v2\/types\/post"}],"author":[{"embeddable":true,"href":"https:\/\/mediarun.com\/pl\/wp-json\/wp\/v2\/users\/1"}],"replies":[{"embeddable":true,"href":"https:\/\/mediarun.com\/pl\/wp-json\/wp\/v2\/comments?post=67128"}],"version-history":[{"count":0,"href":"https:\/\/mediarun.com\/pl\/wp-json\/wp\/v2\/posts\/67128\/revisions"}],"wp:featuredmedia":[{"embeddable":true,"href":"https:\/\/mediarun.com\/pl\/wp-json\/wp\/v2\/media\/67129"}],"wp:attachment":[{"href":"https:\/\/mediarun.com\/pl\/wp-json\/wp\/v2\/media?parent=67128"}],"wp:term":[{"taxonomy":"category","embeddable":true,"href":"https:\/\/mediarun.com\/pl\/wp-json\/wp\/v2\/categories?post=67128"},{"taxonomy":"post_tag","embeddable":true,"href":"https:\/\/mediarun.com\/pl\/wp-json\/wp\/v2\/tags?post=67128"}],"curies":[{"name":"wp","href":"https:\/\/api.w.org\/{rel}","templated":true}]}}