{"id":67108,"date":"2007-01-11T00:01:00","date_gmt":"2007-01-10T23:01:00","guid":{"rendered":"https:\/\/mediarun.com\/index.php\/news-posts\/o-dziennikarstwie-sledczym-przez-2-dni\/"},"modified":"2007-01-11T00:01:00","modified_gmt":"2007-01-10T23:01:00","slug":"o-dziennikarstwie-sledczym-przez-2-dni","status":"publish","type":"post","link":"https:\/\/mediarun.com\/pl\/wydarzenia\/o-dziennikarstwie-sledczym-przez-2-dni.html","title":{"rendered":"O dziennikarstwie \u015bledczym przez 2 dni"},"content":{"rendered":"<p><P>po\u0142\u0105czon\u0105 z I Przegl\u0105dem Telewizyjnych Reporta\u017cy \u015aledczych &#8222;Ukryta Kamera 2006&#8221;. Konferencja odb\u0119dzie si\u0119 w dniach 11-12 stycznia br. w \u0141odzi, na terenie WSHE. <\/P><br \/>\n<P>W programie pierwszego dnia znalaz\u0142y si\u0119 referaty m.in. profesor\u00f3w: Tomasza Gobana-Klasa, Jana Pomorskiego, Macieja Mrozowskiego, Wies\u0142awa Godzica, czy Kazimierza Wolnego-Zmorzy\u0144skiego. <\/P><br \/>\n<P>R\u00f3wnie\u017c 11 stycznia w dyskusji panelowej o prawdach i mitach na temat dziennikarstwa \u015bledczego w Polsce, udzia\u0142 wezm\u0105 m.in. Krystyna Mokrosi\u0144ska (prezes SDP), Bertold Kittel (Rzeczpospolita) Anna Marsza\u0142ek (Dziennik) i Piotr Pytlakowski (Polityka). <\/P><br \/>\n<P>12 stycznia zako\u0144czy si\u0119 pokaz reporta\u017cy telewizyjnych, po kt\u00f3rym zainteresowani spotkaj\u0105 si\u0119 z autorami materia\u0142\u00f3w. W drugiej cz\u0119\u015bci dnia na temat &#8222;Reporta\u017c \u015bledczy w telewizji &#8211; ukryta kamera i pods\u0142uch. Zagadnienia prawne i moralne&#8221; porozmawiaj\u0105: Anita Gargas (TVP S.A.), Ryszard Giedroj\u0107 (Akademia Telewizyjna TVP S.A.), Monika G\u00f3ralewska (&#8222;Superwizjer&#8221; TVN), Miros\u0142aw Majeran (TV Polsat) i Aleksandra Tudyka (&#8222;Uwaga&#8221; TVN). <\/P><br \/>\n<P>R\u00f3wnolegle z konferencj\u0105 odb\u0119dzie si\u0119 I Przegl\u0105d Telewizyjnych Reporta\u017cy \u015aledczych. Pokazy b\u0119d\u0105 mia\u0142y miejsce na terenach WSHE, w kinie Charlie oraz w kinie Muzeum Kinematografii. Wej\u015bcie na wszystkie pokazy jest bezp\u0142atne. <\/P><br \/>\n<P>Patronem medialnym wydarzenia jest serwis Mediarun.pl <\/P><\/p>\n","protected":false},"excerpt":{"rendered":"Zak\u0142ad Dziennikarstwa Wy\u017cszej Szko\u0142y Humanistyczno-Ekonomicznej w \u0141odzi zainicjowa\u0142 II Konferencj\u0119 Medialno-Naukow\u0105 Dziennikarstwa \u015aledczego&#8230;","protected":false},"author":1,"featured_media":67109,"comment_status":"open","ping_status":"closed","sticky":false,"template":"","format":"standard","meta":{"csco_display_header_overlay":false,"csco_singular_sidebar":"","csco_page_header_type":"","csco_page_load_nextpost":"","csco_post_video_location":[],"csco_post_video_location_hash":"","csco_post_video_url":"","csco_post_video_bg_start_time":0,"csco_post_video_bg_end_time":0,"footnotes":""},"categories":[46],"tags":[97],"class_list":{"0":"post-67108","1":"post","2":"type-post","3":"status-publish","4":"format-standard","5":"has-post-thumbnail","7":"category-wydarzenia","8":"tag-polsat","9":"cs-entry","10":"cs-video-wrap"},"_links":{"self":[{"href":"https:\/\/mediarun.com\/pl\/wp-json\/wp\/v2\/posts\/67108","targetHints":{"allow":["GET"]}}],"collection":[{"href":"https:\/\/mediarun.com\/pl\/wp-json\/wp\/v2\/posts"}],"about":[{"href":"https:\/\/mediarun.com\/pl\/wp-json\/wp\/v2\/types\/post"}],"author":[{"embeddable":true,"href":"https:\/\/mediarun.com\/pl\/wp-json\/wp\/v2\/users\/1"}],"replies":[{"embeddable":true,"href":"https:\/\/mediarun.com\/pl\/wp-json\/wp\/v2\/comments?post=67108"}],"version-history":[{"count":0,"href":"https:\/\/mediarun.com\/pl\/wp-json\/wp\/v2\/posts\/67108\/revisions"}],"wp:featuredmedia":[{"embeddable":true,"href":"https:\/\/mediarun.com\/pl\/wp-json\/wp\/v2\/media\/67109"}],"wp:attachment":[{"href":"https:\/\/mediarun.com\/pl\/wp-json\/wp\/v2\/media?parent=67108"}],"wp:term":[{"taxonomy":"category","embeddable":true,"href":"https:\/\/mediarun.com\/pl\/wp-json\/wp\/v2\/categories?post=67108"},{"taxonomy":"post_tag","embeddable":true,"href":"https:\/\/mediarun.com\/pl\/wp-json\/wp\/v2\/tags?post=67108"}],"curies":[{"name":"wp","href":"https:\/\/api.w.org\/{rel}","templated":true}]}}