{"id":67072,"date":"2007-01-11T19:37:02","date_gmt":"2007-01-11T18:37:02","guid":{"rendered":"https:\/\/mediarun.com\/index.php\/news-posts\/wosp-w-radiu-i-telewizji\/"},"modified":"2007-01-11T19:37:02","modified_gmt":"2007-01-11T18:37:02","slug":"wosp-w-radiu-i-telewizji","status":"publish","type":"post","link":"https:\/\/mediarun.com\/pl\/media\/tv\/wosp-w-radiu-i-telewizji.html","title":{"rendered":"WO\u015aP w radiu i telewizji"},"content":{"rendered":"<p>W najbli\u017csz\u0105 niedziel\u0119 odb\u0119dzie si\u0119 XV fina\u0142 Wielkiej Orkiestry \u015awi\u0105tecznej Pomocy. Przebieg imprezy przez ca\u0142y dzie\u0144 relacjonowa\u0107 b\u0119dzie Telewizja Polska i Polskie Radio. Charytatywna akcja Jurka Owsiaka b\u0119dzie obecna przez ca\u0142\u0105 niedziel\u0119 w tak\u017ce innych mediach.<\/p>\n<p>Telewizja Polska planuje w niedziel\u0119 oko\u0142o 8 godzin emisji w TVP2 i r\u00f3wnoczesn\u0105 transmisj\u0119 w TV Polonia, a tak\u017ce w telewizji interaktywnej iTVP.<\/p>\n<p>W trakcie fina\u0142u Wielkiej Orkiestry \u015awi\u0105tecznej Pomocy reporterzy odwiedz\u0105 kilkadziesi\u0105t miast, miasteczek i miejscowo\u015bci. Relacje z ka\u017cdego z nich nadawane b\u0119d\u0105 na antenie og\u00f3lnopolskiej lub lokalnej oraz w wydaniach specjalnych &#8216;Panoramy&#8217; o godz. 13.20 i 16.00. <\/p>\n<p>Tradycyjnie ju\u017c TVP2 b\u0119dzie pokazywa\u0142a obszerne fragmenty koncertu g\u0142\u00f3wnego XV Fina\u0142u Wielkiej Orkiestry \u015awi\u0105tecznej Pomocy, organizowanego pod Pa\u0142acem Kultury i Nauki w Warszawie. Ca\u0142y koncert transmitowany b\u0119dzie tak\u017ce w telewizji interaktywnej iTVP. <\/p>\n<p>Kulminacyjny moment fina\u0142u, czyli &#8216;\u015awiate\u0142ko do nieba&#8217;, o godz. 20.00 obejrze\u0107 b\u0119dzie mo\u017cna w TVP1, TVP2, TV Polonia i iTVP.<\/p>\n<p>Na www.itvp.pl widzowie zobacz\u0105 wszystkie wej\u015bcia antenowe realizowane tego dnia przez TVP2, dodatkowo ok. godz. 15.56 planowane jest jedno wej\u015bcie antenowe z udzia\u0142em Jurka Owsiaka, kt\u00f3re b\u0119dzie mo\u017cna obejrze\u0107 wy\u0142\u0105cznie w iTVP. <\/p>\n<p>W niedziel\u0119 przez ca\u0142y dzie\u0144 s\u0142uchacze radiowej Jedynki b\u0119d\u0105 na bie\u017c\u0105co informowani o przebiegu XV fina\u0142u Wielkiej Orkiestry \u015awi\u0105tecznej Pomocy. Dziennikarze stacji b\u0119d\u0105 w studiu WO\u015aP oraz przed Pa\u0142acem Kultury i Nauki, sk\u0105d relacjonowa\u0107 b\u0119d\u0105 przebieg licytacji, a tak\u017ce prowadzi\u0107 rozmowy z go\u015b\u0107mi Jurka Owsiaka, wolontariuszami i darczy\u0144cami. <\/p>\n<p>Reporterzy b\u0119d\u0105 informowa\u0107 tak\u017ce o post\u0119pach zbi\u00f3rki na terenie ca\u0142ego kraju. <\/p>\n<p>O godz. 19.45 &#8211; 20.00 s\u0142uchacze Jedynki b\u0119d\u0105 \u015bwiadkami fina\u0142u akcji i tradycyjnego wys\u0142ania &#8216;\u015awiate\u0142ka do nieba&#8217;.<\/p>\n","protected":false},"excerpt":{"rendered":"W najbli\u017csz\u0105 niedziel\u0119 odb\u0119dzie si\u0119 XV fina\u0142 Wielkiej Orkiestry \u015awi\u0105tecznej Pomocy. Przebieg imprezy przez ca\u0142y dzie\u0144 relacjonowa\u0107 b\u0119dzie Telewizja Polska i Polskie Radio. Charytatywna akcja Jurka Owsiaka b\u0119dzie obecna przez ca\u0142\u0105 niedziel\u0119 w tak\u017ce innych mediach.","protected":false},"author":1,"featured_media":67073,"comment_status":"open","ping_status":"closed","sticky":false,"template":"","format":"standard","meta":{"csco_display_header_overlay":false,"csco_singular_sidebar":"","csco_page_header_type":"","csco_page_load_nextpost":"","csco_post_video_location":[],"csco_post_video_location_hash":"","csco_post_video_url":"","csco_post_video_bg_start_time":0,"csco_post_video_bg_end_time":0,"footnotes":""},"categories":[9670],"tags":[],"class_list":{"0":"post-67072","1":"post","2":"type-post","3":"status-publish","4":"format-standard","5":"has-post-thumbnail","7":"category-tv","8":"cs-entry","9":"cs-video-wrap"},"_links":{"self":[{"href":"https:\/\/mediarun.com\/pl\/wp-json\/wp\/v2\/posts\/67072","targetHints":{"allow":["GET"]}}],"collection":[{"href":"https:\/\/mediarun.com\/pl\/wp-json\/wp\/v2\/posts"}],"about":[{"href":"https:\/\/mediarun.com\/pl\/wp-json\/wp\/v2\/types\/post"}],"author":[{"embeddable":true,"href":"https:\/\/mediarun.com\/pl\/wp-json\/wp\/v2\/users\/1"}],"replies":[{"embeddable":true,"href":"https:\/\/mediarun.com\/pl\/wp-json\/wp\/v2\/comments?post=67072"}],"version-history":[{"count":0,"href":"https:\/\/mediarun.com\/pl\/wp-json\/wp\/v2\/posts\/67072\/revisions"}],"wp:featuredmedia":[{"embeddable":true,"href":"https:\/\/mediarun.com\/pl\/wp-json\/wp\/v2\/media\/67073"}],"wp:attachment":[{"href":"https:\/\/mediarun.com\/pl\/wp-json\/wp\/v2\/media?parent=67072"}],"wp:term":[{"taxonomy":"category","embeddable":true,"href":"https:\/\/mediarun.com\/pl\/wp-json\/wp\/v2\/categories?post=67072"},{"taxonomy":"post_tag","embeddable":true,"href":"https:\/\/mediarun.com\/pl\/wp-json\/wp\/v2\/tags?post=67072"}],"curies":[{"name":"wp","href":"https:\/\/api.w.org\/{rel}","templated":true}]}}