{"id":67037,"date":"2007-01-12T06:00:00","date_gmt":"2007-01-12T05:00:00","guid":{"rendered":"https:\/\/mediarun.com\/index.php\/news-posts\/tysiac-osob-moze-stracic-prace-w-tvp\/"},"modified":"2007-01-12T06:00:00","modified_gmt":"2007-01-12T05:00:00","slug":"tysiac-osob-moze-stracic-prace-w-tvp","status":"publish","type":"post","link":"https:\/\/mediarun.com\/pl\/media\/tv\/tysiac-osob-moze-stracic-prace-w-tvp.html","title":{"rendered":"Tysi\u0105c os\u00f3b mo\u017ce straci\u0107 prac\u0119 w TVP"},"content":{"rendered":"<\/p>\n<p>Wi\u0119cej na <a href=\"http:\/\/http:\/\/www.pb.pl\/\">http:\/\/www.pb.pl\/<\/a><\/p>\n","protected":false},"excerpt":{"rendered":"Zarz\u0105d Telewizji Polskiej podj\u0105\u0142 uchwa\u0142\u0119 o zwolnieniu ponad tysi\u0105ca pracownik\u00f3w.","protected":false},"author":1,"featured_media":0,"comment_status":"open","ping_status":"closed","sticky":false,"template":"","format":"standard","meta":{"csco_display_header_overlay":false,"csco_singular_sidebar":"","csco_page_header_type":"","csco_page_load_nextpost":"","csco_post_video_location":[],"csco_post_video_location_hash":"","csco_post_video_url":"","csco_post_video_bg_start_time":0,"csco_post_video_bg_end_time":0,"footnotes":""},"categories":[9670],"tags":[],"class_list":{"0":"post-67037","1":"post","2":"type-post","3":"status-publish","4":"format-standard","6":"category-tv","7":"cs-entry","8":"cs-video-wrap"},"_links":{"self":[{"href":"https:\/\/mediarun.com\/pl\/wp-json\/wp\/v2\/posts\/67037","targetHints":{"allow":["GET"]}}],"collection":[{"href":"https:\/\/mediarun.com\/pl\/wp-json\/wp\/v2\/posts"}],"about":[{"href":"https:\/\/mediarun.com\/pl\/wp-json\/wp\/v2\/types\/post"}],"author":[{"embeddable":true,"href":"https:\/\/mediarun.com\/pl\/wp-json\/wp\/v2\/users\/1"}],"replies":[{"embeddable":true,"href":"https:\/\/mediarun.com\/pl\/wp-json\/wp\/v2\/comments?post=67037"}],"version-history":[{"count":0,"href":"https:\/\/mediarun.com\/pl\/wp-json\/wp\/v2\/posts\/67037\/revisions"}],"wp:attachment":[{"href":"https:\/\/mediarun.com\/pl\/wp-json\/wp\/v2\/media?parent=67037"}],"wp:term":[{"taxonomy":"category","embeddable":true,"href":"https:\/\/mediarun.com\/pl\/wp-json\/wp\/v2\/categories?post=67037"},{"taxonomy":"post_tag","embeddable":true,"href":"https:\/\/mediarun.com\/pl\/wp-json\/wp\/v2\/tags?post=67037"}],"curies":[{"name":"wp","href":"https:\/\/api.w.org\/{rel}","templated":true}]}}