{"id":67003,"date":"2007-01-15T00:01:00","date_gmt":"2007-01-14T23:01:00","guid":{"rendered":"https:\/\/mediarun.com\/index.php\/news-posts\/presspublica-zmienia-wladze\/"},"modified":"2007-01-15T00:01:00","modified_gmt":"2007-01-14T23:01:00","slug":"presspublica-zmienia-wladze","status":"publish","type":"post","link":"https:\/\/mediarun.com\/pl\/ludzie\/awanse\/presspublica-zmienia-wladze.html","title":{"rendered":"Presspublica zmienia w\u0142adze"},"content":{"rendered":"<p><P>zarz\u0105du PW Rzeczpospolita, kt\u00f3ra ma 49 proc. udzia\u0142\u00f3w w Presspublice. <\/P><br \/>\n<P>Nowym cz\u0142onkiem zarz\u0105du zosta\u0142 Mariusz Pawlak, kt\u00f3ry wcze\u015bniej pe\u0142ni\u0142 funkcje m.in. project managera w biurze fuzji i przej\u0119\u0107 w sp\u00f3\u0142ce Polimpex-Mostostal SA, dyrektora ds. relacji inwestorskich w IR Services oraz doradcy prezesa ds. finansowo-ekonomicznych w PKN Orlen. <\/P><br \/>\n<P>Do rady nadzorczej Presspubliki do\u0142\u0105czyli r\u00f3wnie\u017c: Krzysztof Andrzej W\u0105sowski, Tom Jorgensen i Bente Saetervoll. Ten ostatni zajmie miejsce Jana Lindha, by\u0142ego prezesa sp\u00f3\u0142ki Orkla Media, kt\u00f3rej udzia\u0142y w Presspublice przej\u0105\u0142 Mecom Europe. <\/P><br \/>\n<P>W sp\u00f3\u0142ce tej za dystrybucj\u0119 odpowiada Jorgensen, natomiast za rozw\u00f3j korporacji Saetervoll. <\/P><\/p>\n","protected":false},"excerpt":{"rendered":"Andrzej Filipowicz nie jest ju\u017c cz\u0142onkiem zarz\u0105du Presspubliki. Powr\u00f3ci za to do rady nadzorczej sp\u00f3\u0142ki i pozostanie prezesem&#8230;","protected":false},"author":1,"featured_media":67004,"comment_status":"open","ping_status":"closed","sticky":false,"template":"","format":"standard","meta":{"csco_display_header_overlay":false,"csco_singular_sidebar":"","csco_page_header_type":"","csco_page_load_nextpost":"","csco_post_video_location":[],"csco_post_video_location_hash":"","csco_post_video_url":"","csco_post_video_bg_start_time":0,"csco_post_video_bg_end_time":0,"footnotes":""},"categories":[9678],"tags":[],"class_list":{"0":"post-67003","1":"post","2":"type-post","3":"status-publish","4":"format-standard","5":"has-post-thumbnail","7":"category-awanse","8":"cs-entry","9":"cs-video-wrap"},"_links":{"self":[{"href":"https:\/\/mediarun.com\/pl\/wp-json\/wp\/v2\/posts\/67003","targetHints":{"allow":["GET"]}}],"collection":[{"href":"https:\/\/mediarun.com\/pl\/wp-json\/wp\/v2\/posts"}],"about":[{"href":"https:\/\/mediarun.com\/pl\/wp-json\/wp\/v2\/types\/post"}],"author":[{"embeddable":true,"href":"https:\/\/mediarun.com\/pl\/wp-json\/wp\/v2\/users\/1"}],"replies":[{"embeddable":true,"href":"https:\/\/mediarun.com\/pl\/wp-json\/wp\/v2\/comments?post=67003"}],"version-history":[{"count":0,"href":"https:\/\/mediarun.com\/pl\/wp-json\/wp\/v2\/posts\/67003\/revisions"}],"wp:featuredmedia":[{"embeddable":true,"href":"https:\/\/mediarun.com\/pl\/wp-json\/wp\/v2\/media\/67004"}],"wp:attachment":[{"href":"https:\/\/mediarun.com\/pl\/wp-json\/wp\/v2\/media?parent=67003"}],"wp:term":[{"taxonomy":"category","embeddable":true,"href":"https:\/\/mediarun.com\/pl\/wp-json\/wp\/v2\/categories?post=67003"},{"taxonomy":"post_tag","embeddable":true,"href":"https:\/\/mediarun.com\/pl\/wp-json\/wp\/v2\/tags?post=67003"}],"curies":[{"name":"wp","href":"https:\/\/api.w.org\/{rel}","templated":true}]}}