{"id":66632,"date":"2007-01-26T00:01:00","date_gmt":"2007-01-25T23:01:00","guid":{"rendered":"https:\/\/mediarun.com\/index.php\/news-posts\/polityka-orlicki-zamiast-brzozowskiego\/"},"modified":"2007-01-26T00:01:00","modified_gmt":"2007-01-25T23:01:00","slug":"polityka-orlicki-zamiast-brzozowskiego","status":"publish","type":"post","link":"https:\/\/mediarun.com\/pl\/ludzie\/awanse\/polityka-orlicki-zamiast-brzozowskiego.html","title":{"rendered":"Polityka: Orlicki zamiast Brzozowskiego"},"content":{"rendered":"<p><P>rozstaje si\u0119 z tytu\u0142em. <\/P><br \/>\n<P>Orlicki pracuje w dziale promocji od pi\u0119ciu lat. <\/P><br \/>\n<P>Wcze\u015bniej funkcj\u0119 kierownika sprawowa\u0142 Karol Brzozowski zwi\u0105zany z tygodnikiem r\u00f3wnie\u017c pi\u0119\u0107 lat. Nie ujawni\u0142 swoich dalszych plan\u00f3w zawodowych.<\/P><br \/>\n<P> Wraz z pocz\u0105tkiem lutego wraca po urlopie macierzy\u0144skim Edyta Gnojewska, kt\u00f3ra jest z Polityk\u0105 zwi\u0105zana od czterech lat i przed urlopem pe\u0142ni\u0142a funkcj\u0119 szefowej PR. <\/P><\/p>\n","protected":false},"excerpt":{"rendered":"Bart\u0142omiej Orlicki pe\u0142ni\u0107 b\u0119dzie obowi\u0105zki kierownika dzia\u0142u promocji tygodnika Polityka. Dotychczasowy kierownik &#8211; Karol Brzozowski&#8230;","protected":false},"author":1,"featured_media":66633,"comment_status":"open","ping_status":"closed","sticky":false,"template":"","format":"standard","meta":{"csco_display_header_overlay":false,"csco_singular_sidebar":"","csco_page_header_type":"","csco_page_load_nextpost":"","csco_post_video_location":[],"csco_post_video_location_hash":"","csco_post_video_url":"","csco_post_video_bg_start_time":0,"csco_post_video_bg_end_time":0,"footnotes":""},"categories":[9678],"tags":[],"class_list":{"0":"post-66632","1":"post","2":"type-post","3":"status-publish","4":"format-standard","5":"has-post-thumbnail","7":"category-awanse","8":"cs-entry","9":"cs-video-wrap"},"_links":{"self":[{"href":"https:\/\/mediarun.com\/pl\/wp-json\/wp\/v2\/posts\/66632","targetHints":{"allow":["GET"]}}],"collection":[{"href":"https:\/\/mediarun.com\/pl\/wp-json\/wp\/v2\/posts"}],"about":[{"href":"https:\/\/mediarun.com\/pl\/wp-json\/wp\/v2\/types\/post"}],"author":[{"embeddable":true,"href":"https:\/\/mediarun.com\/pl\/wp-json\/wp\/v2\/users\/1"}],"replies":[{"embeddable":true,"href":"https:\/\/mediarun.com\/pl\/wp-json\/wp\/v2\/comments?post=66632"}],"version-history":[{"count":0,"href":"https:\/\/mediarun.com\/pl\/wp-json\/wp\/v2\/posts\/66632\/revisions"}],"wp:featuredmedia":[{"embeddable":true,"href":"https:\/\/mediarun.com\/pl\/wp-json\/wp\/v2\/media\/66633"}],"wp:attachment":[{"href":"https:\/\/mediarun.com\/pl\/wp-json\/wp\/v2\/media?parent=66632"}],"wp:term":[{"taxonomy":"category","embeddable":true,"href":"https:\/\/mediarun.com\/pl\/wp-json\/wp\/v2\/categories?post=66632"},{"taxonomy":"post_tag","embeddable":true,"href":"https:\/\/mediarun.com\/pl\/wp-json\/wp\/v2\/tags?post=66632"}],"curies":[{"name":"wp","href":"https:\/\/api.w.org\/{rel}","templated":true}]}}