{"id":66557,"date":"2007-01-30T00:01:00","date_gmt":"2007-01-29T23:01:00","guid":{"rendered":"https:\/\/mediarun.com\/index.php\/news-posts\/nowi-reporterzy-w-radiu-zet\/"},"modified":"2007-01-30T00:01:00","modified_gmt":"2007-01-29T23:01:00","slug":"nowi-reporterzy-w-radiu-zet","status":"publish","type":"post","link":"https:\/\/mediarun.com\/pl\/ludzie\/awanse\/nowi-reporterzy-w-radiu-zet.html","title":{"rendered":"Nowi reporterzy w Radiu Zet"},"content":{"rendered":"<p><P>&#8211; wzmocni warszawski newsroom stacji. Z kolei Cezary Stankiewicz b\u0119dzie reporterem Radia Zet w \u0141odzi.<\/P><br \/>\n<P>Marcin Walter dotychczas pracowa\u0142 w Radiu Eska. Natomiast Micha\u0142 \u017bakowski zwi\u0105zany by\u0142 do tej pory z Informacyjn\u0105 Agencj\u0105 Radiow\u0105. Zar\u00f3wno Walter, jak i \u017bakowski b\u0119d\u0105 sto\u0142ecznymi reporterami Radia Zet. Dziennikarze zast\u0105pi\u0105 Monik\u0119 Jankowsk\u0105 (przesz\u0142a do RRM) oraz Iz\u0119 Le\u015bkiewicz, kt\u00f3ra zosta\u0142a sekretarzem redakcji stacji.<\/P><br \/>\n<P>Od lutego Radio Zet b\u0119dzie mia\u0142o tak\u017ce ponownie reportera w \u0141odzi. Andrzeja Kocjana, kt\u00f3ry zosta\u0142 korespondentem Radia Zet w Brukseli, zast\u0105pi Cezary Stankiewicz. Stankiewicz dot\u0105d wsp\u00f3\u0142pracowa\u0142 ze stacj\u0105 jako dziennikarz Gazety Olszty\u0144skiej. Przygotowywa\u0142 dla Radia Zet materia\u0142y reporterskie z Olsztyna. <\/P><\/p>\n","protected":false},"excerpt":{"rendered":"Radio Zet b\u0119dzie mia\u0142o od lutego nowych reporter\u00f3w &#8211; wynika z naszych informacji. Dw\u00f3ch dziennikarzy &#8211; Marcin Walter i Micha\u0142 \u017bakowski&#8230;","protected":false},"author":1,"featured_media":66558,"comment_status":"open","ping_status":"closed","sticky":false,"template":"","format":"standard","meta":{"csco_display_header_overlay":false,"csco_singular_sidebar":"","csco_page_header_type":"","csco_page_load_nextpost":"","csco_post_video_location":[],"csco_post_video_location_hash":"","csco_post_video_url":"","csco_post_video_bg_start_time":0,"csco_post_video_bg_end_time":0,"footnotes":""},"categories":[9678],"tags":[973],"class_list":{"0":"post-66557","1":"post","2":"type-post","3":"status-publish","4":"format-standard","5":"has-post-thumbnail","7":"category-awanse","8":"tag-radio-eska","9":"cs-entry","10":"cs-video-wrap"},"_links":{"self":[{"href":"https:\/\/mediarun.com\/pl\/wp-json\/wp\/v2\/posts\/66557","targetHints":{"allow":["GET"]}}],"collection":[{"href":"https:\/\/mediarun.com\/pl\/wp-json\/wp\/v2\/posts"}],"about":[{"href":"https:\/\/mediarun.com\/pl\/wp-json\/wp\/v2\/types\/post"}],"author":[{"embeddable":true,"href":"https:\/\/mediarun.com\/pl\/wp-json\/wp\/v2\/users\/1"}],"replies":[{"embeddable":true,"href":"https:\/\/mediarun.com\/pl\/wp-json\/wp\/v2\/comments?post=66557"}],"version-history":[{"count":0,"href":"https:\/\/mediarun.com\/pl\/wp-json\/wp\/v2\/posts\/66557\/revisions"}],"wp:featuredmedia":[{"embeddable":true,"href":"https:\/\/mediarun.com\/pl\/wp-json\/wp\/v2\/media\/66558"}],"wp:attachment":[{"href":"https:\/\/mediarun.com\/pl\/wp-json\/wp\/v2\/media?parent=66557"}],"wp:term":[{"taxonomy":"category","embeddable":true,"href":"https:\/\/mediarun.com\/pl\/wp-json\/wp\/v2\/categories?post=66557"},{"taxonomy":"post_tag","embeddable":true,"href":"https:\/\/mediarun.com\/pl\/wp-json\/wp\/v2\/tags?post=66557"}],"curies":[{"name":"wp","href":"https:\/\/api.w.org\/{rel}","templated":true}]}}