{"id":66455,"date":"2007-02-01T00:01:00","date_gmt":"2007-01-31T23:01:00","guid":{"rendered":"https:\/\/mediarun.com\/index.php\/news-posts\/roszkowski-ze-starlinka-do-mediatak\/"},"modified":"2007-02-01T00:01:00","modified_gmt":"2007-01-31T23:01:00","slug":"roszkowski-ze-starlinka-do-mediatak","status":"publish","type":"post","link":"https:\/\/mediarun.com\/pl\/ludzie\/awanse\/roszkowski-ze-starlinka-do-mediatak.html","title":{"rendered":"Roszkowski: ze Starlinka do Mediatak"},"content":{"rendered":"<p><P>&#8211; Po pi\u0119ciu latach fascynuj\u0105cej pracy z zespo\u0142em Starlinka nad tworzeniem i umacnianiem tej firmy, zamierzam podj\u0105\u0107 nowe interesuj\u0105ce wyzwanie w mediach&nbsp;&#8211; wyja\u015bnia powody swojej decyzji Roszkowski.&nbsp;&#8211; Chc\u0119 uczyni\u0107 Mediatak najwa\u017cniejszym graczem na rynku reklamowym dziennik\u00f3w&nbsp;&#8211; zapowiada.<\/P><br \/>\n<P>Do lipca ubieg\u0142ego roku prezesem Mediataku by\u0142 Jacek Czynajtis, obecnie&nbsp;wiceprezes Muratora i Grupy Radiowej Time. Od tego momentu obowi\u0105zki prezesa pe\u0142ni\u0142 Grzegorz Haftarczyk, wiceprezes Mediatak.<\/P><br \/>\n<P>Roszkowski pracowa\u0142 w Starlinku od pocz\u0105tku istnienia domu mediowego. Na stanowisku dyrektora medi\u00f3w wraz z Tomaszem Che\u0142meckim wsp\u00f3\u0142zarz\u0105dza\u0142 sp\u00f3\u0142k\u0105. Obecnie jego obowi\u0105zki s\u0105 przekazywane managerom Starlinka. <\/P><br \/>\n<P>Jaros\u0142aw Roszkowski tworzy\u0142 i realizowa\u0142 w Starlinku program analizuj\u0105cy dane dotycz\u0105ce wydatk\u00f3w reklamowych w warto\u015bciach netto. B\u0119dzie za nie teraz odpowiedzialny Piotr Wo\u017aniak, research manager w Starlinku.<BR><BR><BR><STRONG>KOMENTARZE<BR><BR>Ma\u0142gorzata W\u0119gierek, wiceprezes Mediaedge:cia<BR><\/STRONG>Jestem zdziwiona decyzj\u0105 Jaros\u0142awa Roszkowskiego, bardziej wyobra\u017ca\u0142am go sobie jako osob\u0119 pracuj\u0105c\u0105 po stronie domu mediowego a nie samych medi\u00f3w. Je\u017celi jednak chodzi o jego wiedz\u0119 i kwestie merytoryczne jest to dla Mediatak w\u0142a\u015bciwy wyb\u00f3r.<BR><BR><BR><STRONG>Marek Jaszczur, prezes U2 Media<BR><\/STRONG>Wed\u0142ug mojej wiedzy Jaros\u0142aw Roszkowski mia\u0142 mocn\u0105 pozycj\u0119 w Starlinku. Nie dochodz\u0105 do mnie \u017cadne wiadomo\u015bci, \u017ceby w tym domu mediowym dzia\u0142o si\u0119 co\u015b z\u0142ego. Takie zmiany w tej bran\u017cy nie s\u0105 jednak rzadko\u015bci\u0105.<BR><BR><BR><STRONG>Rafa\u0142 Oracz, dyrektor generalny CR Media Consulting<\/STRONG><BR>Przej\u015bcie Roszkowskiego to du\u017ce wzmocnienie dla potencja\u0142u Mediatak i os\u0142abienie dla Starlinku. Stanie on jednak przed olbrzymim wyzwaniem sprzeda\u017cowym, wymagaj\u0105cym zupe\u0142nie innych do\u015bwiadcze\u0144 ni\u017c praca w konsultingu mediowym, logistyczno &#8211; organizacyjnym, zwi\u0105zanym z konieczno\u015bci\u0105 funkcjonowania pomi\u0119dzy r\u00f3\u017cnymi interesami sp\u00f3\u0142ek reprezentowanych przez Mediatak, oraz marketingowym, zwi\u0105zanym z wprowadzeniem na rynek nowego projektu Polskapresse<\/P><\/p>\n","protected":false},"excerpt":{"rendered":"Jaros\u0142aw Roszkowski, dyrektor medi\u00f3w w domu mediowym Starlink, rozstaje si\u0119 z firm\u0105. 9 marca zostanie prezesem domu prasy regionalnej Mediatak.","protected":false},"author":1,"featured_media":66456,"comment_status":"open","ping_status":"closed","sticky":false,"template":"","format":"standard","meta":{"csco_display_header_overlay":false,"csco_singular_sidebar":"","csco_page_header_type":"","csco_page_load_nextpost":"","csco_post_video_location":[],"csco_post_video_location_hash":"","csco_post_video_url":"","csco_post_video_bg_start_time":0,"csco_post_video_bg_end_time":0,"footnotes":""},"categories":[9678],"tags":[3109,68],"class_list":{"0":"post-66455","1":"post","2":"type-post","3":"status-publish","4":"format-standard","5":"has-post-thumbnail","7":"category-awanse","8":"tag-mediatak","9":"tag-polskapresse","10":"cs-entry","11":"cs-video-wrap"},"_links":{"self":[{"href":"https:\/\/mediarun.com\/pl\/wp-json\/wp\/v2\/posts\/66455","targetHints":{"allow":["GET"]}}],"collection":[{"href":"https:\/\/mediarun.com\/pl\/wp-json\/wp\/v2\/posts"}],"about":[{"href":"https:\/\/mediarun.com\/pl\/wp-json\/wp\/v2\/types\/post"}],"author":[{"embeddable":true,"href":"https:\/\/mediarun.com\/pl\/wp-json\/wp\/v2\/users\/1"}],"replies":[{"embeddable":true,"href":"https:\/\/mediarun.com\/pl\/wp-json\/wp\/v2\/comments?post=66455"}],"version-history":[{"count":0,"href":"https:\/\/mediarun.com\/pl\/wp-json\/wp\/v2\/posts\/66455\/revisions"}],"wp:featuredmedia":[{"embeddable":true,"href":"https:\/\/mediarun.com\/pl\/wp-json\/wp\/v2\/media\/66456"}],"wp:attachment":[{"href":"https:\/\/mediarun.com\/pl\/wp-json\/wp\/v2\/media?parent=66455"}],"wp:term":[{"taxonomy":"category","embeddable":true,"href":"https:\/\/mediarun.com\/pl\/wp-json\/wp\/v2\/categories?post=66455"},{"taxonomy":"post_tag","embeddable":true,"href":"https:\/\/mediarun.com\/pl\/wp-json\/wp\/v2\/tags?post=66455"}],"curies":[{"name":"wp","href":"https:\/\/api.w.org\/{rel}","templated":true}]}}