{"id":66362,"date":"2007-02-05T00:01:00","date_gmt":"2007-02-04T23:01:00","guid":{"rendered":"https:\/\/mediarun.com\/index.php\/news-posts\/kanclerz-prawie-jak-topmodelka\/"},"modified":"2007-02-05T00:01:00","modified_gmt":"2007-02-04T23:01:00","slug":"kanclerz-prawie-jak-topmodelka","status":"publish","type":"post","link":"https:\/\/mediarun.com\/pl\/inne\/kanclerz-prawie-jak-topmodelka.html","title":{"rendered":"Kanclerz prawie jak topmodelka"},"content":{"rendered":"<p><P>najnowszego wydania niemieckiego magazynu Dummy. Zdj\u0119cie nie jest jednak &#8211; jak nietrudno si\u0119 domysli\u0107 &#8211; efektem profesjonalnej sesji. To fotomonta\u017c, do kt\u00f3rego wykonania wykorzystano jedynie cz\u0119\u015b\u0107 twarzy pani kanclerz &#8211; donosi Dziennik.<\/P><br \/>\n<P>Fotografia jest ilustracj\u0105 do artyku\u0142u po\u015bwi\u0119conego tematom reklamy i sprzeda\u017cy. Nawi\u0105zuje r\u00f3wnie\u017c do og\u00f3lnonarodowej debaty o rosn\u0105cej popularno\u015bci Angeli Merkel i jej medialno-wizerunkowej metamorfozy. <\/P><br \/>\n<P>Dotychczas pani kanclerz cz\u0119sto by\u0142a lekcewa\u017cona &#8211; zar\u00f3wno przez spo\u0142ecze\u0144stwo jak i przeciwnik\u00f3w politycznych. Od wygranych wybor\u00f3w Merkel systematycznie poprawia swoje notowania, m.in. bezpretensjonalnym stylem bycia. Nie wiadomo jednak jak zareagowa\u0142a na swoje nowe wcielenie.<\/P><\/p>\n","protected":false},"excerpt":{"rendered":"D\u0142ugie blond w\u0142osy, modny irokez na g\u0142owie i nieskazitelna cera &#8211; tak w\u0142a\u015bnie wygl\u0105da kanclerz Niemiec Angela Merkel na ok\u0142adce&#8230;","protected":false},"author":1,"featured_media":66363,"comment_status":"open","ping_status":"closed","sticky":false,"template":"","format":"standard","meta":{"csco_display_header_overlay":false,"csco_singular_sidebar":"","csco_page_header_type":"","csco_page_load_nextpost":"","csco_post_video_location":[],"csco_post_video_location_hash":"","csco_post_video_url":"","csco_post_video_bg_start_time":0,"csco_post_video_bg_end_time":0,"footnotes":""},"categories":[47],"tags":[973],"class_list":{"0":"post-66362","1":"post","2":"type-post","3":"status-publish","4":"format-standard","5":"has-post-thumbnail","7":"category-inne","8":"tag-radio-eska","9":"cs-entry","10":"cs-video-wrap"},"_links":{"self":[{"href":"https:\/\/mediarun.com\/pl\/wp-json\/wp\/v2\/posts\/66362","targetHints":{"allow":["GET"]}}],"collection":[{"href":"https:\/\/mediarun.com\/pl\/wp-json\/wp\/v2\/posts"}],"about":[{"href":"https:\/\/mediarun.com\/pl\/wp-json\/wp\/v2\/types\/post"}],"author":[{"embeddable":true,"href":"https:\/\/mediarun.com\/pl\/wp-json\/wp\/v2\/users\/1"}],"replies":[{"embeddable":true,"href":"https:\/\/mediarun.com\/pl\/wp-json\/wp\/v2\/comments?post=66362"}],"version-history":[{"count":0,"href":"https:\/\/mediarun.com\/pl\/wp-json\/wp\/v2\/posts\/66362\/revisions"}],"wp:featuredmedia":[{"embeddable":true,"href":"https:\/\/mediarun.com\/pl\/wp-json\/wp\/v2\/media\/66363"}],"wp:attachment":[{"href":"https:\/\/mediarun.com\/pl\/wp-json\/wp\/v2\/media?parent=66362"}],"wp:term":[{"taxonomy":"category","embeddable":true,"href":"https:\/\/mediarun.com\/pl\/wp-json\/wp\/v2\/categories?post=66362"},{"taxonomy":"post_tag","embeddable":true,"href":"https:\/\/mediarun.com\/pl\/wp-json\/wp\/v2\/tags?post=66362"}],"curies":[{"name":"wp","href":"https:\/\/api.w.org\/{rel}","templated":true}]}}