{"id":66294,"date":"2007-02-06T00:01:00","date_gmt":"2007-02-05T23:01:00","guid":{"rendered":"https:\/\/mediarun.com\/index.php\/news-posts\/knap-przechodzi-do-edipresse\/"},"modified":"2007-02-06T00:01:00","modified_gmt":"2007-02-05T23:01:00","slug":"knap-przechodzi-do-edipresse","status":"publish","type":"post","link":"https:\/\/mediarun.com\/pl\/ludzie\/awanse\/knap-przechodzi-do-edipresse.html","title":{"rendered":"Knap przechodzi do Edipresse"},"content":{"rendered":"<p><P>Obejmie takie samo stanowisko, jakie zajmowa\u0142 w Presspublice.<\/P><br \/>\n<P>O przej\u015bciu Marka Knapa z Presspubliki do Edipresse Polska poinformowa\u0142 w pi\u0105tek magazyn Press w swoim wydaniu internetowym. Knap odm\u00f3wi\u0142 komentarza w tej sprawie.<\/P><br \/>\n<P>&#8211; Marka Knapa ma zast\u0105pi\u0107 Bartosz Krzy\u017caniak &#8211; Gumowski &#8211; t\u0142umaczy nam Amelia \u0141ukasiak, zast\u0119pca redaktora naczelnego Rzeczpospolitej. Jak przypomina Press, Kry\u017caniak &#8211; Gumowski jest obecnie dyrektorem artystycznym w Gazie Prawnej.<\/P><br \/>\n<P>Marek Knap zanim trafi\u0142 do Presspubliki, pracowa\u0142 m.in. w koncernie Axel Springer Polska, gdzie by\u0142 dyrektorem artystycznym tygodnika Newsweek Polska. <\/P><\/p>\n","protected":false},"excerpt":{"rendered":"Marek Knap przechodzi z Presspubliki do Edipresse Polska. Knap b\u0119dzie dyrektorem artystycznym w koncernie wydawnicznym.","protected":false},"author":1,"featured_media":66295,"comment_status":"open","ping_status":"closed","sticky":false,"template":"","format":"standard","meta":{"csco_display_header_overlay":false,"csco_singular_sidebar":"","csco_page_header_type":"","csco_page_load_nextpost":"","csco_post_video_location":[],"csco_post_video_location_hash":"","csco_post_video_url":"","csco_post_video_bg_start_time":0,"csco_post_video_bg_end_time":0,"footnotes":""},"categories":[9678],"tags":[126],"class_list":{"0":"post-66294","1":"post","2":"type-post","3":"status-publish","4":"format-standard","5":"has-post-thumbnail","7":"category-awanse","8":"tag-ringier-axel-springer","9":"cs-entry","10":"cs-video-wrap"},"_links":{"self":[{"href":"https:\/\/mediarun.com\/pl\/wp-json\/wp\/v2\/posts\/66294","targetHints":{"allow":["GET"]}}],"collection":[{"href":"https:\/\/mediarun.com\/pl\/wp-json\/wp\/v2\/posts"}],"about":[{"href":"https:\/\/mediarun.com\/pl\/wp-json\/wp\/v2\/types\/post"}],"author":[{"embeddable":true,"href":"https:\/\/mediarun.com\/pl\/wp-json\/wp\/v2\/users\/1"}],"replies":[{"embeddable":true,"href":"https:\/\/mediarun.com\/pl\/wp-json\/wp\/v2\/comments?post=66294"}],"version-history":[{"count":0,"href":"https:\/\/mediarun.com\/pl\/wp-json\/wp\/v2\/posts\/66294\/revisions"}],"wp:featuredmedia":[{"embeddable":true,"href":"https:\/\/mediarun.com\/pl\/wp-json\/wp\/v2\/media\/66295"}],"wp:attachment":[{"href":"https:\/\/mediarun.com\/pl\/wp-json\/wp\/v2\/media?parent=66294"}],"wp:term":[{"taxonomy":"category","embeddable":true,"href":"https:\/\/mediarun.com\/pl\/wp-json\/wp\/v2\/categories?post=66294"},{"taxonomy":"post_tag","embeddable":true,"href":"https:\/\/mediarun.com\/pl\/wp-json\/wp\/v2\/tags?post=66294"}],"curies":[{"name":"wp","href":"https:\/\/api.w.org\/{rel}","templated":true}]}}