{"id":66165,"date":"2007-02-08T06:00:00","date_gmt":"2007-02-08T05:00:00","guid":{"rendered":"https:\/\/mediarun.com\/index.php\/news-posts\/ziemkiewicz-wypadl-z-ringu\/"},"modified":"2007-02-08T06:00:00","modified_gmt":"2007-02-08T05:00:00","slug":"ziemkiewicz-wypadl-z-ringu","status":"publish","type":"post","link":"https:\/\/mediarun.com\/pl\/media\/tv\/ziemkiewicz-wypadl-z-ringu.html","title":{"rendered":"Ziemkiewicz wypad\u0142 z &quot;Ringu&quot;"},"content":{"rendered":"<p><P>19 lutego w roli gospodarza zadebiutuje Pawe\u0142 Paliwoda. <\/P><br \/>\n<P>&#8211;&nbsp;Ze wzgl\u0119du na rozbie\u017cne wizje dotycz\u0105ce rozwoju programu &#8222;Ring&#8221; obie strony postanowi\u0142y zako\u0144czy\u0107 wsp\u00f3\u0142prac\u0119 rozstaj\u0105c si\u0119 w przyja\u017ani, nie wykluczaj\u0105c wsp\u00f3lnych projekt\u00f3w w przysz\u0142o\u015bci&nbsp;&#8211; czytamy we wsp\u00f3lnym stanowisku Rafa\u0142a Ziemkiewicza oraz redakcji publicystyki kulturalnej i teatru TVP1, do kt\u00f3rego uda\u0142o nam si\u0119 wczoraj dotrze\u0107. <\/P><br \/>\n<P>&#8222;Ring&#8221; nie by\u0142 autorskim programem Rafa\u0142a Ziemkiewicza, dlatego te\u017c&nbsp;&#8211; jak mo\u017cna przeczyta\u0107 w specjalnym o\u015bwiadczeniu&nbsp;&#8211; zostanie on zachowany w dotychczasowej formule,&nbsp;na razie zmieni si\u0119 jedynie osoba prowadz\u0105ca.<\/P><br \/>\n<P>Ziemkiewicza w najbli\u017cszych nagraniach zast\u0105pi publicysta Pawe\u0142 Paliwoda. TVP informuje, \u017ce emisja pierwszego odcinka z jego udzia\u0142em odb\u0119dzie si\u0119 19 lutego o godz. 20.15.<\/P><br \/>\n<P>O powodach swojego rozstania&nbsp;z telewizj\u0105 Rafa\u0142 Ziemkiewicz pisze r\u00f3wnie\u017c&nbsp;<A href=\"http:\/\/rafalziemkiewicz.salon24.pl\">na swoim blogu<\/A> w serwisie Salon24.pl.<\/P><br \/>\n<P>&#8222;Ring&#8221; pojawi\u0142 si\u0119 na antenie TVP1 jesieni\u0105 ubieg\u0142ego roku. Na pocz\u0105tku program nadawany by\u0142 w pi\u0105tki o godz. 20.00, jednak od stycznia 2007 r. mo\u017cna go ogl\u0105da\u0107 w poniedzia\u0142ki o godz. 20.15.<\/P><\/p>\n","protected":false},"excerpt":{"rendered":"Rafa\u0142 Ziemkiewicz nie poprowadzi ju\u017c talk-show &quot;Ring&quot; w TVP1. Telewizja rozsta\u0142a si\u0119 z nim z powodu &quot;rozbie\u017cnych wizji dotycz\u0105cych programu&quot;.","protected":false},"author":1,"featured_media":66166,"comment_status":"open","ping_status":"closed","sticky":false,"template":"","format":"standard","meta":{"csco_display_header_overlay":false,"csco_singular_sidebar":"","csco_page_header_type":"","csco_page_load_nextpost":"","csco_post_video_location":[],"csco_post_video_location_hash":"","csco_post_video_url":"","csco_post_video_bg_start_time":0,"csco_post_video_bg_end_time":0,"footnotes":""},"categories":[9670],"tags":[2996],"class_list":{"0":"post-66165","1":"post","2":"type-post","3":"status-publish","4":"format-standard","5":"has-post-thumbnail","7":"category-tv","8":"tag-talk-show","9":"cs-entry","10":"cs-video-wrap"},"_links":{"self":[{"href":"https:\/\/mediarun.com\/pl\/wp-json\/wp\/v2\/posts\/66165","targetHints":{"allow":["GET"]}}],"collection":[{"href":"https:\/\/mediarun.com\/pl\/wp-json\/wp\/v2\/posts"}],"about":[{"href":"https:\/\/mediarun.com\/pl\/wp-json\/wp\/v2\/types\/post"}],"author":[{"embeddable":true,"href":"https:\/\/mediarun.com\/pl\/wp-json\/wp\/v2\/users\/1"}],"replies":[{"embeddable":true,"href":"https:\/\/mediarun.com\/pl\/wp-json\/wp\/v2\/comments?post=66165"}],"version-history":[{"count":0,"href":"https:\/\/mediarun.com\/pl\/wp-json\/wp\/v2\/posts\/66165\/revisions"}],"wp:featuredmedia":[{"embeddable":true,"href":"https:\/\/mediarun.com\/pl\/wp-json\/wp\/v2\/media\/66166"}],"wp:attachment":[{"href":"https:\/\/mediarun.com\/pl\/wp-json\/wp\/v2\/media?parent=66165"}],"wp:term":[{"taxonomy":"category","embeddable":true,"href":"https:\/\/mediarun.com\/pl\/wp-json\/wp\/v2\/categories?post=66165"},{"taxonomy":"post_tag","embeddable":true,"href":"https:\/\/mediarun.com\/pl\/wp-json\/wp\/v2\/tags?post=66165"}],"curies":[{"name":"wp","href":"https:\/\/api.w.org\/{rel}","templated":true}]}}