{"id":66114,"date":"2007-02-09T06:00:00","date_gmt":"2007-02-09T05:00:00","guid":{"rendered":"https:\/\/mediarun.com\/index.php\/news-posts\/gj-polska-nowy-dyrektor-multimediow\/"},"modified":"2007-02-09T06:00:00","modified_gmt":"2007-02-09T05:00:00","slug":"gj-polska-nowy-dyrektor-multimediow","status":"publish","type":"post","link":"https:\/\/mediarun.com\/pl\/ludzie\/awanse\/gj-polska-nowy-dyrektor-multimediow.html","title":{"rendered":"G+J Polska: nowy dyrektor multimedi\u00f3w"},"content":{"rendered":"<p><P>Stanowisko to nie by\u0142o obsadzone, obowi\u0105zki szefa multimedi\u00f3w pe\u0142ni\u0142a dotychczas Ma\u0142gorzata Walkowska-Geyderowicz, wydawca.<\/P><br \/>\n<P>Kozio\u0142 b\u0119dzie odpowiedzialny m.in. za rozwijanie projekt\u00f3w internetowych wydawnictwa. Dzia\u0142 multimedi\u00f3w zajmuje si\u0119 m.ni. projektami internetowymi i&nbsp;stronami www pism G+J.<\/P><br \/>\n<P>Kozio\u0142 pracowa\u0142 wcze\u015bniej na stanowisku zast\u0119pcy dyrektora dzia\u0142u nowe media.<\/P><\/p>\n","protected":false},"excerpt":{"rendered":"Marcin Kozio\u0142 obejmie funkcj\u0119 dyrektora multimedi\u00f3w w wydawnictwie Gruner + Jahr Polska.","protected":false},"author":1,"featured_media":66115,"comment_status":"open","ping_status":"closed","sticky":false,"template":"","format":"standard","meta":{"csco_display_header_overlay":false,"csco_singular_sidebar":"","csco_page_header_type":"","csco_page_load_nextpost":"","csco_post_video_location":[],"csco_post_video_location_hash":"","csco_post_video_url":"","csco_post_video_bg_start_time":0,"csco_post_video_bg_end_time":0,"footnotes":""},"categories":[9678],"tags":[95],"class_list":{"0":"post-66114","1":"post","2":"type-post","3":"status-publish","4":"format-standard","5":"has-post-thumbnail","7":"category-awanse","8":"tag-gj","9":"cs-entry","10":"cs-video-wrap"},"_links":{"self":[{"href":"https:\/\/mediarun.com\/pl\/wp-json\/wp\/v2\/posts\/66114","targetHints":{"allow":["GET"]}}],"collection":[{"href":"https:\/\/mediarun.com\/pl\/wp-json\/wp\/v2\/posts"}],"about":[{"href":"https:\/\/mediarun.com\/pl\/wp-json\/wp\/v2\/types\/post"}],"author":[{"embeddable":true,"href":"https:\/\/mediarun.com\/pl\/wp-json\/wp\/v2\/users\/1"}],"replies":[{"embeddable":true,"href":"https:\/\/mediarun.com\/pl\/wp-json\/wp\/v2\/comments?post=66114"}],"version-history":[{"count":0,"href":"https:\/\/mediarun.com\/pl\/wp-json\/wp\/v2\/posts\/66114\/revisions"}],"wp:featuredmedia":[{"embeddable":true,"href":"https:\/\/mediarun.com\/pl\/wp-json\/wp\/v2\/media\/66115"}],"wp:attachment":[{"href":"https:\/\/mediarun.com\/pl\/wp-json\/wp\/v2\/media?parent=66114"}],"wp:term":[{"taxonomy":"category","embeddable":true,"href":"https:\/\/mediarun.com\/pl\/wp-json\/wp\/v2\/categories?post=66114"},{"taxonomy":"post_tag","embeddable":true,"href":"https:\/\/mediarun.com\/pl\/wp-json\/wp\/v2\/tags?post=66114"}],"curies":[{"name":"wp","href":"https:\/\/api.w.org\/{rel}","templated":true}]}}