{"id":65966,"date":"2007-02-15T00:01:00","date_gmt":"2007-02-14T23:01:00","guid":{"rendered":"https:\/\/mediarun.com\/index.php\/news-posts\/kbr-partnerem-konkursu-media-trendy\/"},"modified":"2007-02-15T00:01:00","modified_gmt":"2007-02-14T23:01:00","slug":"kbr-partnerem-konkursu-media-trendy","status":"publish","type":"post","link":"https:\/\/mediarun.com\/pl\/wydarzenia\/kbr-partnerem-konkursu-media-trendy.html","title":{"rendered":"KBR partnerem konkursu Media Trendy"},"content":{"rendered":"<p><P>Komitet Bada\u0144 Radiowych wspiera SAR przy promocji zar\u00f3wno samego konkursu, jak i konferencji o przysz\u0142o\u015bci medi\u00f3w towarzysz\u0105cej tegorocznej edycji Media Trend\u00f3w. Komitet Bada\u0144 Radiowych promuje Media Trendy tak\u017ce na stronie internetowej <A href=\"http:\/\/www.radiotrack.pl\">www.radiotrack.pl<\/A>.<\/P><br \/>\n<P>Monika Bednarek, prezes Eurozetu i Krzysztof Nepelski, dyrektor marketingu RMF FM jako przedstawiciele Komitetu Bada\u0144 Radiowych znale\u017ali si\u0119 w Radzie Programowej konferencji po\u015bwieconej przysz\u0142o\u015bci medi\u00f3w w Polsce. <\/P><br \/>\n<P>Podczas konferencji odb\u0119dzie si\u0119 r\u00f3wnie\u017c dyskusja panelowa w kt\u00f3rej KBR b\u0119dzie reprezentowa\u0142 Leszek Kozio\u0142, prezes radia Eska.<\/P><br \/>\n<P>Patronem medialnym konkursu&nbsp;Media Trendy jest m.in. serwis Mediarun.pl.<\/P><\/p>\n","protected":false},"excerpt":{"rendered":"Komitet Bada\u0144 Radiowych zaanga\u017cowa\u0142 si\u0119 w promocj\u0119 tegorocznej edycji konkursu Media Trendy.","protected":false},"author":1,"featured_media":65967,"comment_status":"open","ping_status":"closed","sticky":false,"template":"","format":"standard","meta":{"csco_display_header_overlay":false,"csco_singular_sidebar":"","csco_page_header_type":"","csco_page_load_nextpost":"","csco_post_video_location":[],"csco_post_video_location_hash":"","csco_post_video_url":"","csco_post_video_bg_start_time":0,"csco_post_video_bg_end_time":0,"footnotes":""},"categories":[46],"tags":[973,1298,298,144],"class_list":{"0":"post-65966","1":"post","2":"type-post","3":"status-publish","4":"format-standard","5":"has-post-thumbnail","7":"category-wydarzenia","8":"tag-radio-eska","9":"tag-radio-track","10":"tag-rmf-fm","11":"tag-sar","12":"cs-entry","13":"cs-video-wrap"},"_links":{"self":[{"href":"https:\/\/mediarun.com\/pl\/wp-json\/wp\/v2\/posts\/65966","targetHints":{"allow":["GET"]}}],"collection":[{"href":"https:\/\/mediarun.com\/pl\/wp-json\/wp\/v2\/posts"}],"about":[{"href":"https:\/\/mediarun.com\/pl\/wp-json\/wp\/v2\/types\/post"}],"author":[{"embeddable":true,"href":"https:\/\/mediarun.com\/pl\/wp-json\/wp\/v2\/users\/1"}],"replies":[{"embeddable":true,"href":"https:\/\/mediarun.com\/pl\/wp-json\/wp\/v2\/comments?post=65966"}],"version-history":[{"count":0,"href":"https:\/\/mediarun.com\/pl\/wp-json\/wp\/v2\/posts\/65966\/revisions"}],"wp:featuredmedia":[{"embeddable":true,"href":"https:\/\/mediarun.com\/pl\/wp-json\/wp\/v2\/media\/65967"}],"wp:attachment":[{"href":"https:\/\/mediarun.com\/pl\/wp-json\/wp\/v2\/media?parent=65966"}],"wp:term":[{"taxonomy":"category","embeddable":true,"href":"https:\/\/mediarun.com\/pl\/wp-json\/wp\/v2\/categories?post=65966"},{"taxonomy":"post_tag","embeddable":true,"href":"https:\/\/mediarun.com\/pl\/wp-json\/wp\/v2\/tags?post=65966"}],"curies":[{"name":"wp","href":"https:\/\/api.w.org\/{rel}","templated":true}]}}