{"id":65937,"date":"2007-02-16T00:01:00","date_gmt":"2007-02-15T23:01:00","guid":{"rendered":"https:\/\/mediarun.com\/index.php\/news-posts\/kwestionariusz-marcin-pery\/"},"modified":"2007-02-16T00:01:00","modified_gmt":"2007-02-15T23:01:00","slug":"kwestionariusz-marcin-pery","status":"publish","type":"post","link":"https:\/\/mediarun.com\/pl\/ludzie\/kwestionariusz\/kwestionariusz-marcin-pery.html","title":{"rendered":"Kwestionariusz: Marcin Pery"},"content":{"rendered":"<p><P><STRONG>Rodzina&#8230;<\/STRONG> to roze\u015bmiana \u017cona, niespokojna mama, spokojny tata, roztrzepana siostra, uduchowiony brat i babcina babcia. <BR><BR><STRONG>Mieszkam&#8230;<\/STRONG> w Polsce. To naprawd\u0119 cudowny kraj, \u017cyj\u0105 tu wspaniali ludzie i troch\u0119 mi smutno, \u017ce coraz cz\u0119\u015bciej Polacy musz\u0105 szuka\u0107 swojego miejsca na ziemi za granic\u0105.<BR><BR><STRONG>Moja kariera&#8230;<\/STRONG> kiedy\u015b chcia\u0142em j\u0105 zaplanowa\u0107. Dzisiaj wiem, \u017ce tego nie da si\u0119 zrobi\u0107, a co wa\u017cniejsze&nbsp;&#8211; je\u015bli zawsze pracuje si\u0119 z pasj\u0105, to nie warto zawraca\u0107 sobie g\u0142owy czym\u015b takim jak &#8222;kariera&#8221;. <BR><BR><STRONG>Konkurencji zazdroszcz\u0119&#8230;<\/STRONG> g\u0142\u0119bokich kieszeni. Cho\u0107 z drugiej strony rozumiem, \u017ce jest to jednocze\u015bnie ich s\u0142abo\u015b\u0107, kt\u00f3r\u0105 pr\u00f3buj\u0119 wykorzysta\u0107 jak mog\u0119 najlepiej.<BR><BR><STRONG>Brakuje mi odwagi&#8230;<\/STRONG> czasami, kiedy musz\u0119 powiedzie\u0107 ludziom niemi\u0142e rzeczy. Jednak \u017cycie coraz cz\u0119\u015bciej poddaj\u0105 mnie tym pr\u00f3bom, wi\u0119c przychodzi mi to &#8211; niestety &#8211; z coraz wi\u0119ksz\u0105 \u0142atwo\u015bci\u0105.<BR><BR><STRONG>Pora\u017cki&#8230;<\/STRONG> zdarzaj\u0105 si\u0119. Pr\u00f3buj\u0119 wyci\u0105ga\u0107 z nich nauk\u0119, ale nie zawsze mi to wychodzi.<BR><BR><STRONG>Ludzi oceniam&#8230;<\/STRONG> zbyt cz\u0119sto &#8211; za szybko, na pewno subiektywnie, ale zawsze bardzo staram si\u0119, aby by\u0142y to oceny sprawiedliwe. Czasami w mojej ocenie wa\u017cniejszy jest \u0142adunek emocjonalny, czasami&nbsp;&#8211; racjonalny. Trudno jest mi poda\u0107 uniwersalny przepis na uczciw\u0105 ocen\u0119, my\u015bl\u0119, \u017ce do ko\u0144ca \u017cycia b\u0119d\u0119 si\u0119 tego uczy\u0107.<BR><BR><STRONG>Rezygnuj\u0119, kiedy&#8230;<\/STRONG> zderzam si\u0119 z niereformowaln\u0105 g\u0142upot\u0105.<BR><BR><STRONG>Nie interesuje mnie&#8230;<\/STRONG> ju\u017c roztrz\u0105sanie, kto ma racj\u0119 w politycznych zawodach polegaj\u0105cych na wzajemnym obrzucaniu si\u0119 b\u0142otem, cho\u0107 jednocze\u015bnie z ut\u0119sknieniem czekam na chwil\u0119, kiedy znowu b\u0119d\u0119 mia\u0142 mo\u017cliwo\u015b\u0107 zainteresowa\u0107 si\u0119 powa\u017cn\u0105 polityk\u0105.<BR><BR><STRONG>Zawsze znajd\u0119 czas na&#8230;<\/STRONG> wa\u017cne sprawy.<BR><BR><STRONG>Znajomym polecam&#8230;<\/STRONG> dobre filmy, kt\u00f3re ogl\u0105dam zwykle przed nimi. <BR><BR><STRONG>Niezast\u0105piony gad\u017cet&#8230;<\/STRONG> telefon kom\u00f3rkowy? Jestem chyba troch\u0119 uzale\u017cniony od poczucia bycia w sta\u0142ym kontakcie ze \u015bwiatem, wiec ze wszystkich potencjalnych przedmiot\u00f3w, kt\u00f3re mo\u017cna mie\u0107 stale przy sobie, najcz\u0119\u015bciej trzymam w r\u0119ku w\u0142a\u015bnie telefon kom\u00f3rkowy.<BR><BR><STRONG>Pieni\u0105dze wydaj\u0119&#8230;<\/STRONG> czasami pod wp\u0142ywem impulsu, cz\u0119sto bez konsultacji z \u017con\u0105, czego nie raz ju\u017c \u017ca\u0142owa\u0142em.<BR><BR><STRONG>Podr\u00f3\u017ce&#8230;<\/STRONG> uwielbiam. Staram si\u0119 w ramach moich mo\u017cliwo\u015bci ju\u017c dzisiaj zwiedza\u0107 \u015bwiat, cho\u0107 marz\u0119 o dalekich, d\u0142ugich&nbsp; i egzotycznych podr\u00f3\u017cach na inne kontynenty.<\/P><\/p>\n","protected":false},"excerpt":{"rendered":"Nie zawraca sobie g\u0142owy karier\u0105 a konkurencji zazdro\u015bci g\u0142\u0119bokich kieszeni. Na nasze pytania odpowiada Marcin Pery, wiceprezes zarz\u0105du Gemius SA.","protected":false},"author":1,"featured_media":65938,"comment_status":"open","ping_status":"closed","sticky":false,"template":"","format":"standard","meta":{"csco_display_header_overlay":false,"csco_singular_sidebar":"","csco_page_header_type":"","csco_page_load_nextpost":"","csco_post_video_location":[],"csco_post_video_location_hash":"","csco_post_video_url":"","csco_post_video_bg_start_time":0,"csco_post_video_bg_end_time":0,"footnotes":""},"categories":[9679],"tags":[],"class_list":{"0":"post-65937","1":"post","2":"type-post","3":"status-publish","4":"format-standard","5":"has-post-thumbnail","7":"category-kwestionariusz","8":"cs-entry","9":"cs-video-wrap"},"_links":{"self":[{"href":"https:\/\/mediarun.com\/pl\/wp-json\/wp\/v2\/posts\/65937","targetHints":{"allow":["GET"]}}],"collection":[{"href":"https:\/\/mediarun.com\/pl\/wp-json\/wp\/v2\/posts"}],"about":[{"href":"https:\/\/mediarun.com\/pl\/wp-json\/wp\/v2\/types\/post"}],"author":[{"embeddable":true,"href":"https:\/\/mediarun.com\/pl\/wp-json\/wp\/v2\/users\/1"}],"replies":[{"embeddable":true,"href":"https:\/\/mediarun.com\/pl\/wp-json\/wp\/v2\/comments?post=65937"}],"version-history":[{"count":0,"href":"https:\/\/mediarun.com\/pl\/wp-json\/wp\/v2\/posts\/65937\/revisions"}],"wp:featuredmedia":[{"embeddable":true,"href":"https:\/\/mediarun.com\/pl\/wp-json\/wp\/v2\/media\/65938"}],"wp:attachment":[{"href":"https:\/\/mediarun.com\/pl\/wp-json\/wp\/v2\/media?parent=65937"}],"wp:term":[{"taxonomy":"category","embeddable":true,"href":"https:\/\/mediarun.com\/pl\/wp-json\/wp\/v2\/categories?post=65937"},{"taxonomy":"post_tag","embeddable":true,"href":"https:\/\/mediarun.com\/pl\/wp-json\/wp\/v2\/tags?post=65937"}],"curies":[{"name":"wp","href":"https:\/\/api.w.org\/{rel}","templated":true}]}}