{"id":65790,"date":"2007-02-21T06:00:00","date_gmt":"2007-02-21T05:00:00","guid":{"rendered":"https:\/\/mediarun.com\/index.php\/news-posts\/prokop-szukam-przebojowej-polki\/"},"modified":"2007-02-21T06:00:00","modified_gmt":"2007-02-21T05:00:00","slug":"prokop-szukam-przebojowej-polki","status":"publish","type":"post","link":"https:\/\/mediarun.com\/pl\/media\/tv\/prokop-szukam-przebojowej-polki.html","title":{"rendered":"Prokop: szukam przebojowej Polki"},"content":{"rendered":"<p><P>W TVP odbywa\u0142 si\u0119 bowiem fina\u0142owy casting do nowego programu rozrywkowego Dw\u00f3jki &#8211; &#8222;Przebojowe Polki&#8221;.<\/P><br \/>\n<P>&#8211; Prosz\u0119 Pa\u0144stwa, ja mog\u0119 zdradzi\u0107 odrobin\u0119 sekret\u00f3w kuchni castingowej. Doznali\u015bmy podczas przes\u0142ucha\u0144 kilku co najmniej ol\u015bnie\u0144. Jedno z nich by\u0142o w ci\u0105\u017cy, na wysokich obcasach i przysz\u0142o do studia w hokejowym kasku. A to tylko przedsmak tego, czego mo\u017cna si\u0119 spodziewa\u0107 po przebojowych Polkach &#8211; komentowa\u0142 fina\u0142owy casting Marcin Prokop.<\/P><br \/>\n<P>Widowisko pojawi si\u0119 na antenie TVP2 ju\u017c 10 marca. Prowadzeniem programu zajmie si\u0119 w\u0142a\u015bnie Prokop. O tytu\u0142 &#8222;Przebojowej Polki&#8221; rywalizowa\u0107 b\u0119d\u0105 kobiety z ca\u0142ej Polski. W ka\u017cdym odcinku show wezm\u0105 odzia\u0142 cztery panie, kt\u00f3re zmierz\u0105 si\u0119 ze sob\u0105 w kilku konkurencjach rozgrywanych w trzech rundach. Co tydzie\u0144 odpadnie jedna z nich &#8211; wskazana przez sms-y telewidz\u00f3w. W programie pojawi si\u0119 r\u00f3wnie\u017c jury, o zmiennym sk\u0142adzie &#8211; w ka\u017cdym odcinku nowa tr\u00f3jka. Do jury zapraszane b\u0119d\u0105 znane twarze show biznesu. Kolejno wybrane zostan\u0105: Polka Tygodnia, Miesi\u0105ca i wreszcie &#8211; Roku. Zwyci\u0119\u017cczyni, czyli tytu\u0142owa &#8222;Przebojowa Polka&#8221; otrzyma samoch\u00f3d oraz mo\u017cliwo\u015b\u0107 podj\u0119cia studi\u00f3w na renomowanej uczelni.<\/P><br \/>\n<P>&#8211; Dlaczego przyj\u0105\u0142em t\u0119 propozycj\u0119? Wiadomo, \u017ce nie dla pieni\u0119dzy i popularno\u015bci &#8211; bo to s\u0105 pobudki, kt\u00f3re nie towarzysz\u0105 nam w tej instytucji &#8211; ale dlatego, \u017ce wbrew temu co widzimy m.in. w mediach Polki naprawd\u0119 s\u0105 kobietami, kt\u00f3re potrafi\u0105 zab\u0142ysn\u0105\u0107. Mimo, \u017ce pono\u0107 \u017cyjemy w kraju patriarchalnym, Polki hoduj\u0105 w sobie wielki potencja\u0142, kt\u00f3rego m\u0119\u017cczy\u017ani nawet si\u0119 po ich nie spodziewaj\u0105 &#8211; powiedzia\u0142 Prokop.<\/P><br \/>\n<P>Pomys\u0142odawc\u0105 i re\u017cyserem cyklu jest Leszek Kuma\u0144ski, tw\u00f3rca m.in. &#8222;Du\u017cych dzieci&#8221;, czy programu &#8222;M\u00f3j pierwszy raz&#8221;. &#8211; Nie b\u0119dziemy zmuszali tych dziewczyn, kobiet &#8211; do tego \u017ceby robi\u0142y szpagaty, \u015bpiewa\u0142y, ta\u0144czy\u0142y, fiko\u0142ki robi\u0142y. Nam chodzi o to, aby pokaza\u0107 ich intelekt, pomys\u0142 na \u017cycie, kreatywno\u015b\u0107, b\u0142yskotliwo\u015b\u0107 i zaradno\u015b\u0107 &#8211; t\u0142umaczy\u0142 Kuma\u0144ski. W fina\u0142owym castingu znalaz\u0142y si\u0119 m.in. \u015bpiewaczka operowa, pisarka, managerka, ci\u0119\u017carna s\u0119dzia mi\u0119dzynarodowa hokeja i producentka mebli.<\/P><br \/>\n<P>&#8211; W tym programie chodzi nam o pokazanie pozytywnych postaci i tego, \u017ce wszystkie uczestniczki s\u0105 inteligentne, fantastyczne i zaradne. To nie b\u0119dzie jednak publicystyczny program, my nie chcemy odkrywa\u0107 tego, o czym wszyscy wiedz\u0105. To ma by\u0107 pozytywne, dynamiczne show. My\u015bl\u0119, \u017ce dziennikarze b\u0119d\u0105 mieli wkr\u00f3tce nowe gwiazdy na ok\u0142adkach swoich gazet&#8230; &#8211; doda\u0142 re\u017cyser.<\/P><br \/>\n<P>&#8211; Ja uwa\u017cam, \u017ce ka\u017cda Polka jest przebojowa je\u015bli ma dystans do rzeczywisto\u015bci &#8211; powiedzia\u0142 na poniedzia\u0142kowej konferencji Krzysztof Materna. &#8211; A ja jestem bardzo za przebojowymi Polkami &#8211; doda\u0142 \u017cartobliwie Wojciech Mann.<\/P><br \/>\n<P>Warto wspomnie\u0107, \u017ce program &#8222;Przebojowe Polki&#8221; jest autorskim pomys\u0142em Leszka Kuma\u0144skiego. &#8211; Zar\u00f3wno ta audycja jak i &#8222;Du\u017ce dzieci&#8221;, czy &#8222;Podr\u00f3\u017ce z \u017cartem&#8221; to s\u0105 moje autorskie programy, nie \u017cadne tam cudze, zagraniczne formaty &#8211; to s\u0105 w\u0142a\u015bnie te programy, gdzie one si\u0142\u0105 rzeczy weryfikuj\u0105 si\u0119 w trakcie tworzenia. Tak si\u0119 pewnie b\u0119dzie dzia\u0142o r\u00f3wnie\u017c z &#8222;Polkami&#8221;. Dobrze, \u017ce mo\u017cemy sobie pozwoli\u0107 na element zmiany tw\u00f3rczej, co uwa\u017cam za bardzo pozytywne &#8211; t\u0142umaczy Kuma\u0144ski.<\/P><br \/>\n<P>&#8222;Przebojowe Polki&#8221; rywalizacj\u0119 na antenie TVP2 rozpoczn\u0105 10 marca. Program emitowany b\u0119dzie w soboty o godzinie 21. Wraz z programem ruszy te\u017c serwis polki.itvp.pl, gdzie poza kolejnymi odcinkami audycji znajd\u0105 si\u0119 tak\u017ce m.in. reporta\u017c z casting\u00f3w do programu, wideo wizyt\u00f3wki kandydatek oraz wideoblog programu, kt\u00f3ry b\u0119dzie opisywa\u0107 kulisy jego produkcji. <\/P><\/p>\n","protected":false},"excerpt":{"rendered":"Wczoraj znany budynek przy ulicy Woronicza prze\u017cy\u0142 prawdziwe obl\u0119\u017cenie kobiet &#8211; zar\u00f3wno tych m\u0142odych jak i nieco starszych&#8230;","protected":false},"author":1,"featured_media":65791,"comment_status":"open","ping_status":"closed","sticky":false,"template":"","format":"standard","meta":{"csco_display_header_overlay":false,"csco_singular_sidebar":"","csco_page_header_type":"","csco_page_load_nextpost":"","csco_post_video_location":[],"csco_post_video_location_hash":"","csco_post_video_url":"","csco_post_video_bg_start_time":0,"csco_post_video_bg_end_time":0,"footnotes":""},"categories":[9670],"tags":[],"class_list":{"0":"post-65790","1":"post","2":"type-post","3":"status-publish","4":"format-standard","5":"has-post-thumbnail","7":"category-tv","8":"cs-entry","9":"cs-video-wrap"},"_links":{"self":[{"href":"https:\/\/mediarun.com\/pl\/wp-json\/wp\/v2\/posts\/65790","targetHints":{"allow":["GET"]}}],"collection":[{"href":"https:\/\/mediarun.com\/pl\/wp-json\/wp\/v2\/posts"}],"about":[{"href":"https:\/\/mediarun.com\/pl\/wp-json\/wp\/v2\/types\/post"}],"author":[{"embeddable":true,"href":"https:\/\/mediarun.com\/pl\/wp-json\/wp\/v2\/users\/1"}],"replies":[{"embeddable":true,"href":"https:\/\/mediarun.com\/pl\/wp-json\/wp\/v2\/comments?post=65790"}],"version-history":[{"count":0,"href":"https:\/\/mediarun.com\/pl\/wp-json\/wp\/v2\/posts\/65790\/revisions"}],"wp:featuredmedia":[{"embeddable":true,"href":"https:\/\/mediarun.com\/pl\/wp-json\/wp\/v2\/media\/65791"}],"wp:attachment":[{"href":"https:\/\/mediarun.com\/pl\/wp-json\/wp\/v2\/media?parent=65790"}],"wp:term":[{"taxonomy":"category","embeddable":true,"href":"https:\/\/mediarun.com\/pl\/wp-json\/wp\/v2\/categories?post=65790"},{"taxonomy":"post_tag","embeddable":true,"href":"https:\/\/mediarun.com\/pl\/wp-json\/wp\/v2\/tags?post=65790"}],"curies":[{"name":"wp","href":"https:\/\/api.w.org\/{rel}","templated":true}]}}