{"id":65747,"date":"2007-02-22T00:01:00","date_gmt":"2007-02-21T23:01:00","guid":{"rendered":"https:\/\/mediarun.com\/index.php\/news-posts\/mandaryna-straci-role-w-serialu\/"},"modified":"2007-02-22T00:01:00","modified_gmt":"2007-02-21T23:01:00","slug":"mandaryna-straci-role-w-serialu","status":"publish","type":"post","link":"https:\/\/mediarun.com\/pl\/inne\/mandaryna-straci-role-w-serialu.html","title":{"rendered":"Mandaryna straci rol\u0119 w serialu?"},"content":{"rendered":"<p><P>Po roli w serialu &#8222;Na Wsp\u00f3lnej&#8221; by\u0142a \u017cona wokalisty zespo\u0142u Ich Troje zosta\u0142a przyj\u0119ta do obsady &#8222;Pierwszej mi\u0142o\u015bci&#8221;. Wed\u0142ug Faktu wszystko wskazuje na to, i\u017c i w tym programie artystka nie zagrzeje miejsca, pomimo powrotu do nauki w studium aktorskim prowadzonym przez Machulskich. Po k\u0142\u00f3tni i rozstaniu z serialowym Arturem (w tej roli \u0141ukasz P\u0142oszajski) Mandaryna ma&#8230; rozsta\u0107 si\u0119 z prac\u0105 na planie &#8222;Pierwszej mi\u0142o\u015bci&#8221;.<\/P><br \/>\n<P>Tymczasem Katarzyna Kanclerz informuje, i\u017c Mandaryna w najbli\u017cszym czasie pojawi si\u0119 na planie nowych odcink\u00f3w, a kontrakt jest d\u0142ugoterminowy.<\/P><br \/>\n<P>Mandaryn\u0119 b\u0119dzie mo\u017cna r\u00f3wnie\u017c ogl\u0105da\u0107 w nowej serii &#8222;Kryminalnych&#8221;. Wi\u015bniewska zagra\u0142a w odcinku &#8222;Uczta bog\u00f3w&#8221;, kt\u00f3rego emisja odb\u0119dzie si\u0119 jeszcze tej wiosny.<\/P><\/p>\n","protected":false},"excerpt":{"rendered":"Dziennik Fakt donosi, i\u017c trwa z\u0142a passa Marty &quot;Manadaryny&quot; Wi\u015bniewskiej. Wed\u0142ug gazety artystka ma si\u0119 po\u017cegna\u0107 z serialem &quot;Pierwsza mi\u0142o\u015b\u0107&quot;.","protected":false},"author":1,"featured_media":65748,"comment_status":"open","ping_status":"closed","sticky":false,"template":"","format":"standard","meta":{"csco_display_header_overlay":false,"csco_singular_sidebar":"","csco_page_header_type":"","csco_page_load_nextpost":"","csco_post_video_location":[],"csco_post_video_location_hash":"","csco_post_video_url":"","csco_post_video_bg_start_time":0,"csco_post_video_bg_end_time":0,"footnotes":""},"categories":[47],"tags":[],"class_list":{"0":"post-65747","1":"post","2":"type-post","3":"status-publish","4":"format-standard","5":"has-post-thumbnail","7":"category-inne","8":"cs-entry","9":"cs-video-wrap"},"_links":{"self":[{"href":"https:\/\/mediarun.com\/pl\/wp-json\/wp\/v2\/posts\/65747","targetHints":{"allow":["GET"]}}],"collection":[{"href":"https:\/\/mediarun.com\/pl\/wp-json\/wp\/v2\/posts"}],"about":[{"href":"https:\/\/mediarun.com\/pl\/wp-json\/wp\/v2\/types\/post"}],"author":[{"embeddable":true,"href":"https:\/\/mediarun.com\/pl\/wp-json\/wp\/v2\/users\/1"}],"replies":[{"embeddable":true,"href":"https:\/\/mediarun.com\/pl\/wp-json\/wp\/v2\/comments?post=65747"}],"version-history":[{"count":0,"href":"https:\/\/mediarun.com\/pl\/wp-json\/wp\/v2\/posts\/65747\/revisions"}],"wp:featuredmedia":[{"embeddable":true,"href":"https:\/\/mediarun.com\/pl\/wp-json\/wp\/v2\/media\/65748"}],"wp:attachment":[{"href":"https:\/\/mediarun.com\/pl\/wp-json\/wp\/v2\/media?parent=65747"}],"wp:term":[{"taxonomy":"category","embeddable":true,"href":"https:\/\/mediarun.com\/pl\/wp-json\/wp\/v2\/categories?post=65747"},{"taxonomy":"post_tag","embeddable":true,"href":"https:\/\/mediarun.com\/pl\/wp-json\/wp\/v2\/tags?post=65747"}],"curies":[{"name":"wp","href":"https:\/\/api.w.org\/{rel}","templated":true}]}}