{"id":657,"date":"2013-10-29T10:08:48","date_gmt":"2013-10-29T09:08:48","guid":{"rendered":"https:\/\/mediarun.com\/index.php\/news-posts\/rowery-sprzedaja-sie-w-europie-lepiej-niz-auta\/"},"modified":"2013-10-29T10:08:48","modified_gmt":"2013-10-29T09:08:48","slug":"rowery-sprzedaja-sie-w-europie-lepiej-niz-auta","status":"publish","type":"post","link":"https:\/\/mediarun.com\/pl\/trendy\/branding\/rowery-sprzedaja-sie-w-europie-lepiej-niz-auta.html","title":{"rendered":"Rowery sprzedaj\u0105 si\u0119 w Europie lepiej ni\u017c auta"},"content":{"rendered":"<p>Sprzeda\u017c aut w Europie systematycznie mala\u0142a od dwudziestu lat, ale to ten rok okaza\u0142 si\u0119 symptomatyczny &ndash; rower staje si\u0119 r&oacute;wnorz\u0119dnym \u015brodkiem komunikacji w stosunku do samochodu.&nbsp; <\/p>\n<p>I tak sprzeda\u017c bicykli we W\u0142oszech jest najwi\u0119ksza od 1945 roku, a w Hiszpanii w og&oacute;le w historii. Najwi\u0119ksz\u0105 dynamik\u0105 sprzeda\u017cy dw&oacute;ch k&oacute;\u0142ek w Europie mog\u0105 pochwali\u0107 si\u0119 Grecy, W\u0119grzy, S\u0142owacy oraz Rumuni. <\/p>\n<p>Oczywi\u015bcie mo\u017cna m&oacute;wi\u0107 w tym przypadku o roli ceny, a przede wszystkim kosztach utrzymania auta, kt&oacute;re przerastaj\u0105 wiele domowych bud\u017cet&oacute;w. Ale rozchodzi si\u0119 te\u017c chyba o co\u015b jeszcze &ndash; zdrowy tryb \u017cycia jest obecnie jednym z dominuj\u0105cych trend&oacute;w w zachowaniach konsumenckich. Mo\u017cliwo\u015b\u0107 oszcz\u0119dno\u015bci oraz wyra\u017canie siebie, a zatem stworzenie wok&oacute;\u0142 roweru filozofii \u017cyciowej, jest symptomem naszych czas&oacute;w. <\/p>\n<p>Oto dane z zesz\u0142ego roku ukazuj\u0105ce, jak silny by\u0142 ten trend ju\u017c w tym czasie:<\/p>\n<p><img fetchpriority=\"high\" decoding=\"async\" src=\"http:\/\/mediarun.pl\/pliki\/zdjecia\/newsy\/where-bikes-outsold-cars-the-most-in-2012_chartbuilder_custom-a15dd9600ccb70ba6a2fd894c74f28ae95e0ab39-s3-c85.png\" alt=\"\" width=\"420\" height=\"672\" title=\"\"><\/p>\n<p><img decoding=\"async\" src=\"http:\/\/mediarun.pl\/pliki\/zdjecia\/newsy\/new-passenger-car-and-bicycle-sales-2012-_chartbuilder_custom-52ce0e51cc669b1c7267930f2f65dda1c5ceb3ba-s3-c85.png\" alt=\"\" width=\"420\" height=\"672\" title=\"\"><\/p>\n","protected":false},"excerpt":{"rendered":"Po raz pierwszy od zako\u0144czenia drugiej wojny \u015bwiatowej sprzeda\u017c rower&oacute;w przewy\u017csza sprzeda\u017c aut. Kolejny syndrom recesji? Niekoniecznie.","protected":false},"author":1,"featured_media":0,"comment_status":"open","ping_status":"closed","sticky":false,"template":"","format":"standard","meta":{"csco_display_header_overlay":false,"csco_singular_sidebar":"","csco_page_header_type":"","csco_page_load_nextpost":"","csco_post_video_location":[],"csco_post_video_location_hash":"","csco_post_video_url":"","csco_post_video_bg_start_time":0,"csco_post_video_bg_end_time":0,"footnotes":""},"categories":[9658],"tags":[],"class_list":{"0":"post-657","1":"post","2":"type-post","3":"status-publish","4":"format-standard","6":"category-branding","7":"cs-entry","8":"cs-video-wrap"},"_links":{"self":[{"href":"https:\/\/mediarun.com\/pl\/wp-json\/wp\/v2\/posts\/657","targetHints":{"allow":["GET"]}}],"collection":[{"href":"https:\/\/mediarun.com\/pl\/wp-json\/wp\/v2\/posts"}],"about":[{"href":"https:\/\/mediarun.com\/pl\/wp-json\/wp\/v2\/types\/post"}],"author":[{"embeddable":true,"href":"https:\/\/mediarun.com\/pl\/wp-json\/wp\/v2\/users\/1"}],"replies":[{"embeddable":true,"href":"https:\/\/mediarun.com\/pl\/wp-json\/wp\/v2\/comments?post=657"}],"version-history":[{"count":0,"href":"https:\/\/mediarun.com\/pl\/wp-json\/wp\/v2\/posts\/657\/revisions"}],"wp:attachment":[{"href":"https:\/\/mediarun.com\/pl\/wp-json\/wp\/v2\/media?parent=657"}],"wp:term":[{"taxonomy":"category","embeddable":true,"href":"https:\/\/mediarun.com\/pl\/wp-json\/wp\/v2\/categories?post=657"},{"taxonomy":"post_tag","embeddable":true,"href":"https:\/\/mediarun.com\/pl\/wp-json\/wp\/v2\/tags?post=657"}],"curies":[{"name":"wp","href":"https:\/\/api.w.org\/{rel}","templated":true}]}}