{"id":65693,"date":"2007-02-23T06:00:00","date_gmt":"2007-02-23T05:00:00","guid":{"rendered":"https:\/\/mediarun.com\/index.php\/news-posts\/saab-i-lata\/"},"modified":"2007-02-23T06:00:00","modified_gmt":"2007-02-23T05:00:00","slug":"saab-i-lata","status":"publish","type":"post","link":"https:\/\/mediarun.com\/pl\/marketing\/atl\/saab-i-lata.html","title":{"rendered":"Saab i lata"},"content":{"rendered":"<p><P>przygotowa\u0142a specjalne wersje swoich samochod\u00f3w (Anniversary Edition). Ich sprzeda\u017cy towarzyszy kampania reklamowa.<\/P><br \/>\n<P>Klienci odwiedzaj\u0105cy salony dealerskie oraz stron\u0119 internetow\u0105 <A href=\"http:\/\/www.saab.pl\">www.saab.pl<\/A>, mog\u0105 zapozna\u0107 si\u0119 z przygotowan\u0105 ofert\u0105 i pozna\u0107 gam\u0119 samochod\u00f3w w wersji Anniversary Edition.<\/P><br \/>\n<P>Reklamy ukazuj\u0105 si\u0119 w prasie (m.in. Gazeta Wyborcza, Rzeczpospolita, Puls Biznesu, Newsweek, Polityka, Forum) oraz na wybranych portalach internetowych. Spot telewizyjny (wersja 40&#8221;) emitowany b\u0119dzie w telewizji TVN24.<\/P><br \/>\n<P>Za kreacj\u0119 odpowiada agencja McCann Erickson, kampani\u0119 internetow\u0105 przygotowa\u0142a agencja MRM Worldwide.<\/P><\/p>\n","protected":false},"excerpt":{"rendered":"Pod koniec stycznia ruszy\u0142a kampania jubileuszowa marki Saab. Z okazji sze\u015b\u0107dziesi\u0105tych urodzin firma&#8230;","protected":false},"author":1,"featured_media":65694,"comment_status":"open","ping_status":"closed","sticky":false,"template":"","format":"standard","meta":{"csco_display_header_overlay":false,"csco_singular_sidebar":"","csco_page_header_type":"","csco_page_load_nextpost":"","csco_post_video_location":[],"csco_post_video_location_hash":"","csco_post_video_url":"","csco_post_video_bg_start_time":0,"csco_post_video_bg_end_time":0,"footnotes":""},"categories":[9642],"tags":[202,759,177,4986],"class_list":{"0":"post-65693","1":"post","2":"type-post","3":"status-publish","4":"format-standard","5":"has-post-thumbnail","7":"category-atl","8":"tag-gazeta-wyborcza","9":"tag-mccann-erickson","10":"tag-newsweek","11":"tag-tvn-24","12":"cs-entry","13":"cs-video-wrap"},"_links":{"self":[{"href":"https:\/\/mediarun.com\/pl\/wp-json\/wp\/v2\/posts\/65693","targetHints":{"allow":["GET"]}}],"collection":[{"href":"https:\/\/mediarun.com\/pl\/wp-json\/wp\/v2\/posts"}],"about":[{"href":"https:\/\/mediarun.com\/pl\/wp-json\/wp\/v2\/types\/post"}],"author":[{"embeddable":true,"href":"https:\/\/mediarun.com\/pl\/wp-json\/wp\/v2\/users\/1"}],"replies":[{"embeddable":true,"href":"https:\/\/mediarun.com\/pl\/wp-json\/wp\/v2\/comments?post=65693"}],"version-history":[{"count":0,"href":"https:\/\/mediarun.com\/pl\/wp-json\/wp\/v2\/posts\/65693\/revisions"}],"wp:featuredmedia":[{"embeddable":true,"href":"https:\/\/mediarun.com\/pl\/wp-json\/wp\/v2\/media\/65694"}],"wp:attachment":[{"href":"https:\/\/mediarun.com\/pl\/wp-json\/wp\/v2\/media?parent=65693"}],"wp:term":[{"taxonomy":"category","embeddable":true,"href":"https:\/\/mediarun.com\/pl\/wp-json\/wp\/v2\/categories?post=65693"},{"taxonomy":"post_tag","embeddable":true,"href":"https:\/\/mediarun.com\/pl\/wp-json\/wp\/v2\/tags?post=65693"}],"curies":[{"name":"wp","href":"https:\/\/api.w.org\/{rel}","templated":true}]}}