{"id":65662,"date":"2007-02-26T06:00:00","date_gmt":"2007-02-26T05:00:00","guid":{"rendered":"https:\/\/mediarun.com\/index.php\/news-posts\/zfpr-w-nowym-skladzie\/"},"modified":"2007-02-26T06:00:00","modified_gmt":"2007-02-26T05:00:00","slug":"zfpr-w-nowym-skladzie","status":"publish","type":"post","link":"https:\/\/mediarun.com\/pl\/marketing\/pr\/zfpr-w-nowym-skladzie.html","title":{"rendered":"ZFPR w nowym sk\u0142adzie"},"content":{"rendered":"<p><P>W jej sk\u0142ad weszli: Ma\u0142gorzata Zaborowska (United PR), Mariusz Pleban (Multi Communications) oraz Lidia Marcinkowska (Neuron Agencja Public Relations). Kolejn\u0105 kadencj\u0119 pe\u0142ni\u0107 b\u0119d\u0105 Pawe\u0142 Grabowski (ComPress) oraz Ryszard Solski (Sigma International Poland).<\/P><br \/>\n<P>Rada jest organem kontrolnym zwi\u0105zku, sk\u0142ada si\u0119 z przynajmniej trzech cz\u0142onk\u00f3w. Do jej kompetencji nale\u017cy kontrolowanie ca\u0142okszta\u0142tu dzia\u0142alno\u015bci zarz\u0105du, sk\u0142adanie wniosku do walnego zgromadzenia cz\u0142onk\u00f3w w kwestii udzielania absolutorium dla zarz\u0105du oraz rozstrzyganie ewentualnych spor\u00f3w pomi\u0119dzy cz\u0142onkami na tle ich dzia\u0142alno\u015bci w zwi\u0105zku.<\/P><\/p>\n","protected":false},"excerpt":{"rendered":"W wyniku walnego zgromadzenia cz\u0142onk\u00f3w Zwi\u0105zku Firm Public Relations wybrano nowy sk\u0142ad rady zwi\u0105zku.","protected":false},"author":1,"featured_media":65663,"comment_status":"open","ping_status":"closed","sticky":false,"template":"","format":"standard","meta":{"csco_display_header_overlay":false,"csco_singular_sidebar":"","csco_page_header_type":"","csco_page_load_nextpost":"","csco_post_video_location":[],"csco_post_video_location_hash":"","csco_post_video_url":"","csco_post_video_bg_start_time":0,"csco_post_video_bg_end_time":0,"footnotes":""},"categories":[9648],"tags":[1105],"class_list":{"0":"post-65662","1":"post","2":"type-post","3":"status-publish","4":"format-standard","5":"has-post-thumbnail","7":"category-pr","8":"tag-zfpr","9":"cs-entry","10":"cs-video-wrap"},"_links":{"self":[{"href":"https:\/\/mediarun.com\/pl\/wp-json\/wp\/v2\/posts\/65662","targetHints":{"allow":["GET"]}}],"collection":[{"href":"https:\/\/mediarun.com\/pl\/wp-json\/wp\/v2\/posts"}],"about":[{"href":"https:\/\/mediarun.com\/pl\/wp-json\/wp\/v2\/types\/post"}],"author":[{"embeddable":true,"href":"https:\/\/mediarun.com\/pl\/wp-json\/wp\/v2\/users\/1"}],"replies":[{"embeddable":true,"href":"https:\/\/mediarun.com\/pl\/wp-json\/wp\/v2\/comments?post=65662"}],"version-history":[{"count":0,"href":"https:\/\/mediarun.com\/pl\/wp-json\/wp\/v2\/posts\/65662\/revisions"}],"wp:featuredmedia":[{"embeddable":true,"href":"https:\/\/mediarun.com\/pl\/wp-json\/wp\/v2\/media\/65663"}],"wp:attachment":[{"href":"https:\/\/mediarun.com\/pl\/wp-json\/wp\/v2\/media?parent=65662"}],"wp:term":[{"taxonomy":"category","embeddable":true,"href":"https:\/\/mediarun.com\/pl\/wp-json\/wp\/v2\/categories?post=65662"},{"taxonomy":"post_tag","embeddable":true,"href":"https:\/\/mediarun.com\/pl\/wp-json\/wp\/v2\/tags?post=65662"}],"curies":[{"name":"wp","href":"https:\/\/api.w.org\/{rel}","templated":true}]}}