{"id":65534,"date":"2007-02-28T06:00:00","date_gmt":"2007-02-28T05:00:00","guid":{"rendered":"https:\/\/mediarun.com\/index.php\/news-posts\/radiowa-dwojka-z-mniejszym-zasiegiem\/"},"modified":"2007-02-28T06:00:00","modified_gmt":"2007-02-28T05:00:00","slug":"radiowa-dwojka-z-mniejszym-zasiegiem","status":"publish","type":"post","link":"https:\/\/mediarun.com\/pl\/inne\/radiowa-dwojka-z-mniejszym-zasiegiem.html","title":{"rendered":"Radiowa Dw\u00f3jka z mniejszym zasi\u0119giem"},"content":{"rendered":"<p><P>Radiowa Jedynka nadaje obecnie na falach d\u0142ugich i uzupe\u0142niaj\u0105cych UKF-ach, kt\u00f3re obejmuj\u0105 swoim zasi\u0119giem jedynie po\u0142ow\u0119 kraju. Dw\u00f3jka te\u017c nie dociera do s\u0142uchaczy z ca\u0142ej Polski, w przeciwie\u0144stwie do takich radiowych pot\u0119g jak RMF czy Radio Maryja, ale jej zasi\u0119g oraz jako\u015b\u0107 emisji (dysponuje wysokimi falami UKF-u) s\u0105 lepsze. Teraz zarz\u0105d chce zamieni\u0107 cz\u0119stotliwo\u015bci &#8211; zabra\u0107 Dw\u00f3jce wysokiej mocy nadajniki, kt\u00f3rych sygna\u0142 dociera na prowincj\u0119, i odda\u0107 je Jedynce. Do wymiany nadajnik\u00f3w mo\u017ce doj\u015b\u0107 ju\u017c za miesi\u0105c. Decyzj\u0119 popiera KRRiT, zatwierdzenie zmian musi jeszcze wyda\u0107 Urz\u0105d Komunikacji Elektronicznej.<\/P><br \/>\n<P>Dla Dw\u00f3jki oznacza to utrat\u0119 nawet kilkudziesi\u0119ciu procent s\u0142uchaczy. Zamilknie w wojew\u00f3dztwach wschodnich, na Pomorzu Zachodnim (z wyj\u0105tkiem okolic Szczecina), Mazurach, w cz\u0119\u015bci Mazowsza (m. in. P\u0142ock, Ciechan\u00f3w, okolice Warszawy). Jako\u015b\u0107 odbioru b\u0119dzie gorsza nawet w wielkich miastach.<\/P><br \/>\n<P>Jednak najbardziej strac\u0105 na tym mieszka\u0144cy ma\u0142ych miast oraz wsi, dla kt\u00f3rych Dw\u00f3jka to cz\u0119sto jedyna szansa na kontakt z kultur\u0105 wysok\u0105. Teraz jej sygna\u0142 w og\u00f3le do nich nie dotrze.<\/P><br \/>\n<P>Dw\u00f3jka to autorskie audycje na temat muzyki powa\u017cnej, audycje literackie, wysokiej pr\u00f3by publicystyka, transmisje z sal koncertowych z ca\u0142ego \u015bwiata. Jej has\u0142o brzmi: &#8222;Najwi\u0119ksza filharmonia \u015bwiata w twoim domu&#8221;. W tym roku obchodzi 70-lecie dzia\u0142alno\u015bci. &#8211; Pi\u0119kny prezent sprawi\u0142 nam zarz\u0105d na jubileusz &#8211; ironizuj\u0105 jej dziennikarze. Obawiaj\u0105 si\u0119, \u017ce w dalszej kolejno\u015bci zarz\u0105d b\u0119dzie d\u0105\u017cy\u0142 do zlikwidowania stacji lub po\u0142\u0105czenia jej z Jedynk\u0105. Znikn\u0105\u0142by w ten spos\u00f3b jedyny polski program radiowy po\u015bwi\u0119cony wy\u0142\u0105cznie kulturze.<\/P><br \/>\n<P>&#8211; Audytorium Dw\u00f3jki to prawie 400 tys. s\u0142uchaczy w tygodniu i jest to bardzo dobry wynik jak na program o takiej specjalno\u015bci &#8211; przyznaje Tadeusz Fredro-Boniecki, rzecznik Polskiego Radia.<\/P><br \/>\n<P>Tymczasem audytorium Jedynki &#8211; najpopularniejszego programu PR, przez lata jego okr\u0119tu flagowego &#8211; zmniejsza si\u0119, cho\u0107 nadal s\u0142ucha jej prawie 5 mln Polak\u00f3w. Zarz\u0105d publicznego radia liczy na to, \u017ce dzi\u0119ki zabraniu Dw\u00f3jce dotychczasowej cz\u0119stotliwo\u015bci zwi\u0119kszy s\u0142uchalno\u015b\u0107 Jedynki, ale nie zleci\u0142 bada\u0144, kt\u00f3re by to potwierdzi\u0142y.<\/P><br \/>\n<P>&#8211; Dzia\u0142aj\u0105 w ciemno. Chodzi o zyski, bo Jedynka przeznacza na reklamy najwi\u0119cej czasu antenowego. Co jednak z misj\u0105 upowszechniania kultury, kt\u00f3ra wpisana jest do ustawy o RTV? &#8211; m\u00f3wi nam anonimowo pracownik radia.<\/P><br \/>\n<P>&#8211; Zamiana cz\u0119stotliwo\u015bci nie jest zamachem na radiow\u0105 Dw\u00f3jk\u0119 &#8211; twierdzi Tadeusz Fredro-Boniecki, rzecznik Polskiego Radia. &#8211; KRRiT od lat nie chce odda\u0107 radiu publicznemu pe\u0142nej cz\u0119stotliwo\u015bci, a kolejne rady faworyzowa\u0142y media prywatne. Do dzi\u015b \u017cadna ze stacji publicznych nie mo\u017ce nadawa\u0107 na ca\u0142y kraj, mimo \u017ce ustawa o RTV to zapewnia. Musimy wesprze\u0107 Jedynk\u0119, bo ma najwi\u0119cej s\u0142uchaczy.<\/P><br \/>\n<P>&#8211; To bardzo \u017ale, \u017ce anteny Polskiego Radia musz\u0105 ze sob\u0105 konkurowa\u0107 o nadajniki i cz\u0119stotliwo\u015bci. Ka\u017cda jest na swoim polu niezast\u0105piona i niepor\u00f3wnywalna, i to jest si\u0142\u0105 Polskiego Radia &#8211; m\u00f3wi Andrzej Su\u0142ek, dyrektor Dw\u00f3jki.<\/P><br \/>\n<P>Przeciwko decyzji zarz\u0105du PR protestuje ju\u017c niemal 4 tys. os\u00f3b &#8211; podpisa\u0142y si\u0119 pod listem w sprawie polityki kulturalnej radia wystosowanym przez Zwi\u0105zek Kompozytor\u00f3w Polskich.<\/P><br \/>\n<P>W tej sprawie interweniowa\u0142a r\u00f3wnie\u017c \u017cona prezydenta Maria Kaczy\u0144ska. W li\u015bcie do prezesa PR Krzysztofa Czaba\u0144skiego napisa\u0142a m.in.: &#8222;Nie chcia\u0142abym, aby rz\u0105dy obecnej ekipy by\u0142y kojarzone z dzia\u0142aniami na szkod\u0119 kultury narodowej&#8221;.<\/P><br \/>\n<P>Co na to rzecznik radia? &#8211; Jedynka r\u00f3wnie\u017c ma szerok\u0105 ofert\u0119 kulturaln\u0105 &#8211; m\u00f3wi.<\/P><\/p>\n","protected":false},"excerpt":{"rendered":"Zarz\u0105d Polskiego Radia chce odebra\u0107 Dw\u00f3jce dotychczasowe cz\u0119stotliwo\u015bci i przekaza\u0107 je Programowi 1.","protected":false},"author":1,"featured_media":0,"comment_status":"open","ping_status":"closed","sticky":false,"template":"","format":"standard","meta":{"csco_display_header_overlay":false,"csco_singular_sidebar":"","csco_page_header_type":"","csco_page_load_nextpost":"","csco_post_video_location":[],"csco_post_video_location_hash":"","csco_post_video_url":"","csco_post_video_bg_start_time":0,"csco_post_video_bg_end_time":0,"footnotes":""},"categories":[47],"tags":[298,1753],"class_list":{"0":"post-65534","1":"post","2":"type-post","3":"status-publish","4":"format-standard","6":"category-inne","7":"tag-rmf-fm","8":"tag-sluchalnosc","9":"cs-entry","10":"cs-video-wrap"},"_links":{"self":[{"href":"https:\/\/mediarun.com\/pl\/wp-json\/wp\/v2\/posts\/65534","targetHints":{"allow":["GET"]}}],"collection":[{"href":"https:\/\/mediarun.com\/pl\/wp-json\/wp\/v2\/posts"}],"about":[{"href":"https:\/\/mediarun.com\/pl\/wp-json\/wp\/v2\/types\/post"}],"author":[{"embeddable":true,"href":"https:\/\/mediarun.com\/pl\/wp-json\/wp\/v2\/users\/1"}],"replies":[{"embeddable":true,"href":"https:\/\/mediarun.com\/pl\/wp-json\/wp\/v2\/comments?post=65534"}],"version-history":[{"count":0,"href":"https:\/\/mediarun.com\/pl\/wp-json\/wp\/v2\/posts\/65534\/revisions"}],"wp:attachment":[{"href":"https:\/\/mediarun.com\/pl\/wp-json\/wp\/v2\/media?parent=65534"}],"wp:term":[{"taxonomy":"category","embeddable":true,"href":"https:\/\/mediarun.com\/pl\/wp-json\/wp\/v2\/categories?post=65534"},{"taxonomy":"post_tag","embeddable":true,"href":"https:\/\/mediarun.com\/pl\/wp-json\/wp\/v2\/tags?post=65534"}],"curies":[{"name":"wp","href":"https:\/\/api.w.org\/{rel}","templated":true}]}}