{"id":65525,"date":"2007-02-28T06:00:00","date_gmt":"2007-02-28T05:00:00","guid":{"rendered":"https:\/\/mediarun.com\/index.php\/news-posts\/wejchert-i-walter-odeszli-z-rady-nadzorczej-tvn\/"},"modified":"2007-02-28T06:00:00","modified_gmt":"2007-02-28T05:00:00","slug":"wejchert-i-walter-odeszli-z-rady-nadzorczej-tvn","status":"publish","type":"post","link":"https:\/\/mediarun.com\/pl\/media\/tv\/wejchert-i-walter-odeszli-z-rady-nadzorczej-tvn.html","title":{"rendered":"Wejchert i Walter odeszli z rady nadzorczej TVN"},"content":{"rendered":"<\/p>\n<p>Wi\u0119cej na <a href=\"http:\/\/http:\/\/www.rzeczpospolita.pl\/\">http:\/\/www.rzeczpospolita.pl\/<\/a><\/p>\n","protected":false},"excerpt":{"rendered":"Jan Wejchert i Mariusz Walter zrezygnowali z cz\u0142onkostwa w radzie nadzorczej TVN, by &#8211; jak napisali w specjalnym komunikacie &#8211; &quot;dzia\u0142ania procesowe nie zak\u0142\u00f3ca\u0142y funkcjonowania TVN i TVN 24&quot;.","protected":false},"author":1,"featured_media":0,"comment_status":"open","ping_status":"closed","sticky":false,"template":"","format":"standard","meta":{"csco_display_header_overlay":false,"csco_singular_sidebar":"","csco_page_header_type":"","csco_page_load_nextpost":"","csco_post_video_location":[],"csco_post_video_location_hash":"","csco_post_video_url":"","csco_post_video_bg_start_time":0,"csco_post_video_bg_end_time":0,"footnotes":""},"categories":[9670],"tags":[],"class_list":{"0":"post-65525","1":"post","2":"type-post","3":"status-publish","4":"format-standard","6":"category-tv","7":"cs-entry","8":"cs-video-wrap"},"_links":{"self":[{"href":"https:\/\/mediarun.com\/pl\/wp-json\/wp\/v2\/posts\/65525","targetHints":{"allow":["GET"]}}],"collection":[{"href":"https:\/\/mediarun.com\/pl\/wp-json\/wp\/v2\/posts"}],"about":[{"href":"https:\/\/mediarun.com\/pl\/wp-json\/wp\/v2\/types\/post"}],"author":[{"embeddable":true,"href":"https:\/\/mediarun.com\/pl\/wp-json\/wp\/v2\/users\/1"}],"replies":[{"embeddable":true,"href":"https:\/\/mediarun.com\/pl\/wp-json\/wp\/v2\/comments?post=65525"}],"version-history":[{"count":0,"href":"https:\/\/mediarun.com\/pl\/wp-json\/wp\/v2\/posts\/65525\/revisions"}],"wp:attachment":[{"href":"https:\/\/mediarun.com\/pl\/wp-json\/wp\/v2\/media?parent=65525"}],"wp:term":[{"taxonomy":"category","embeddable":true,"href":"https:\/\/mediarun.com\/pl\/wp-json\/wp\/v2\/categories?post=65525"},{"taxonomy":"post_tag","embeddable":true,"href":"https:\/\/mediarun.com\/pl\/wp-json\/wp\/v2\/tags?post=65525"}],"curies":[{"name":"wp","href":"https:\/\/api.w.org\/{rel}","templated":true}]}}