{"id":65524,"date":"2007-02-28T06:00:00","date_gmt":"2007-02-28T05:00:00","guid":{"rendered":"https:\/\/mediarun.com\/index.php\/news-posts\/tvp1-powrot-raczynskiej\/"},"modified":"2007-02-28T06:00:00","modified_gmt":"2007-02-28T05:00:00","slug":"tvp1-powrot-raczynskiej","status":"publish","type":"post","link":"https:\/\/mediarun.com\/pl\/ludzie\/awanse\/tvp1-powrot-raczynskiej.html","title":{"rendered":"TVP1: powr\u00f3t Raczy\u0144skiej?"},"content":{"rendered":"<p>Wed\u0142ug naszych niepotwierdzonych informacji, decyzj\u0119 o odwo\u0142aniu Macieja Wojciechowskiego z pe\u0142nienia funkcji dyrektora TVP1 mia\u0142 podj\u0105\u0107 we wtorek wieczorem zarz\u0105d TVP.<\/p>\n<p>Radio Tok FM poda\u0142o, \u017ce od przysz\u0142ego tygodnia szefow\u0105 TVP1 b\u0119dzie Ma\u0142gorzata Raczy\u0144ska, kt\u00f3ra ju\u017c pe\u0142ni\u0142a t\u0105 funkcj\u0119, ale od kilku miesi\u0119cy przebywa\u0142a na zwolnieniu lekarskim.<\/p>\n<p>Popo\u0142udniu zarz\u0105d publicznej telewizji, kt\u00f3ry po raz pierwszy obradowa\u0142 z nowym prezesem, odwo\u0142a\u0142 Wojciechowskiego r\u00f3wnie\u017c ze stanowiska p.o. dyrektora TVP3 Katowice.<\/p>\n<p>Od \u015brody obowi\u0105zki dyrektora katowickiego oddzia\u0142u TVP3 pe\u0142ni\u0107 b\u0119dzie Mi\u0142osz Stawecki. Od 2005 roku zatrudniony jest w Telewizji Polskiej w Warszawie. W katowickim oddziale pracowa\u0142 na stanowisku g\u0142\u00f3wnego specjalisty ds. kontroli wewn\u0119trznej.<\/p>\n","protected":false},"excerpt":{"rendered":"Maciej Wojciechowski nie b\u0119dzie ju\u017c kierowa\u0142 telewizyjn\u0105 Jedynk\u0105 &amp;#8211; wynika z naszych nieoficjalnych informacji.","protected":false},"author":1,"featured_media":0,"comment_status":"open","ping_status":"closed","sticky":false,"template":"","format":"standard","meta":{"csco_display_header_overlay":false,"csco_singular_sidebar":"","csco_page_header_type":"","csco_page_load_nextpost":"","csco_post_video_location":[],"csco_post_video_location_hash":"","csco_post_video_url":"","csco_post_video_bg_start_time":0,"csco_post_video_bg_end_time":0,"footnotes":""},"categories":[9678],"tags":[],"class_list":{"0":"post-65524","1":"post","2":"type-post","3":"status-publish","4":"format-standard","6":"category-awanse","7":"cs-entry","8":"cs-video-wrap"},"_links":{"self":[{"href":"https:\/\/mediarun.com\/pl\/wp-json\/wp\/v2\/posts\/65524","targetHints":{"allow":["GET"]}}],"collection":[{"href":"https:\/\/mediarun.com\/pl\/wp-json\/wp\/v2\/posts"}],"about":[{"href":"https:\/\/mediarun.com\/pl\/wp-json\/wp\/v2\/types\/post"}],"author":[{"embeddable":true,"href":"https:\/\/mediarun.com\/pl\/wp-json\/wp\/v2\/users\/1"}],"replies":[{"embeddable":true,"href":"https:\/\/mediarun.com\/pl\/wp-json\/wp\/v2\/comments?post=65524"}],"version-history":[{"count":0,"href":"https:\/\/mediarun.com\/pl\/wp-json\/wp\/v2\/posts\/65524\/revisions"}],"wp:attachment":[{"href":"https:\/\/mediarun.com\/pl\/wp-json\/wp\/v2\/media?parent=65524"}],"wp:term":[{"taxonomy":"category","embeddable":true,"href":"https:\/\/mediarun.com\/pl\/wp-json\/wp\/v2\/categories?post=65524"},{"taxonomy":"post_tag","embeddable":true,"href":"https:\/\/mediarun.com\/pl\/wp-json\/wp\/v2\/tags?post=65524"}],"curies":[{"name":"wp","href":"https:\/\/api.w.org\/{rel}","templated":true}]}}