{"id":65442,"date":"2007-03-02T06:00:00","date_gmt":"2007-03-02T05:00:00","guid":{"rendered":"https:\/\/mediarun.com\/index.php\/news-posts\/elle-nowa-naczelna-z-twojego-stylu\/"},"modified":"2007-03-02T06:00:00","modified_gmt":"2007-03-02T05:00:00","slug":"elle-nowa-naczelna-z-twojego-stylu","status":"publish","type":"post","link":"https:\/\/mediarun.com\/pl\/ludzie\/awanse\/elle-nowa-naczelna-z-twojego-stylu.html","title":{"rendered":"Elle: nowa naczelna z Twojego Stylu"},"content":{"rendered":"<p><P>&#8211; poinformowa\u0142 wczoraj Presserwis.<\/P><br \/>\n<P>Wilkanowicz-Devoud zako\u0144czy\u0142a wsp\u00f3\u0142prac\u0119 z wydawnictwem Hachette Filipacchi Burda Polska po 13 latach. Nie zdradzi\u0142a na razie gdzie b\u0119dzie pracowa\u0107, jednak jak zapewnia &#8211; zostanie w bran\u017cy mediowej.<\/P><br \/>\n<P>Nojszewska by\u0142a dotychczas zast\u0119pc\u0105 redaktor naczelnej w miesi\u0119czniku Tw\u00f3j Styl. Jednak z wydawnictwem Bauer rozstanie si\u0119 dopiero po trzymiesi\u0119cznym okresie wypowiedzenia pod koniec maja. Do tego czasu obowi\u0105zki redaktor naczelnej Elle b\u0119dzie pe\u0142ni\u0107 Kamila Sypniewska &#8211; zast\u0119pca redaktor naczelnej miesi\u0119cznika<\/P><br \/>\n<P>Tw\u00f3j Styl nie ma jeszcze kandydata na nast\u0119pc\u0119 Joanny Nojszewskiej.<\/P><\/p>\n","protected":false},"excerpt":{"rendered":"Po rozstaniu Marzeny Wilkanowicz-Devoud z magazynem Elle stanowisko redaktor naczelnej pisma obejmie Joanna Nojszewska&#8230;","protected":false},"author":1,"featured_media":0,"comment_status":"open","ping_status":"closed","sticky":false,"template":"","format":"standard","meta":{"csco_display_header_overlay":false,"csco_singular_sidebar":"","csco_page_header_type":"","csco_page_load_nextpost":"","csco_post_video_location":[],"csco_post_video_location_hash":"","csco_post_video_url":"","csco_post_video_bg_start_time":0,"csco_post_video_bg_end_time":0,"footnotes":""},"categories":[9678],"tags":[60],"class_list":{"0":"post-65442","1":"post","2":"type-post","3":"status-publish","4":"format-standard","6":"category-awanse","7":"tag-bauer","8":"cs-entry","9":"cs-video-wrap"},"_links":{"self":[{"href":"https:\/\/mediarun.com\/pl\/wp-json\/wp\/v2\/posts\/65442","targetHints":{"allow":["GET"]}}],"collection":[{"href":"https:\/\/mediarun.com\/pl\/wp-json\/wp\/v2\/posts"}],"about":[{"href":"https:\/\/mediarun.com\/pl\/wp-json\/wp\/v2\/types\/post"}],"author":[{"embeddable":true,"href":"https:\/\/mediarun.com\/pl\/wp-json\/wp\/v2\/users\/1"}],"replies":[{"embeddable":true,"href":"https:\/\/mediarun.com\/pl\/wp-json\/wp\/v2\/comments?post=65442"}],"version-history":[{"count":0,"href":"https:\/\/mediarun.com\/pl\/wp-json\/wp\/v2\/posts\/65442\/revisions"}],"wp:attachment":[{"href":"https:\/\/mediarun.com\/pl\/wp-json\/wp\/v2\/media?parent=65442"}],"wp:term":[{"taxonomy":"category","embeddable":true,"href":"https:\/\/mediarun.com\/pl\/wp-json\/wp\/v2\/categories?post=65442"},{"taxonomy":"post_tag","embeddable":true,"href":"https:\/\/mediarun.com\/pl\/wp-json\/wp\/v2\/tags?post=65442"}],"curies":[{"name":"wp","href":"https:\/\/api.w.org\/{rel}","templated":true}]}}