{"id":65360,"date":"2007-03-05T06:22:29","date_gmt":"2007-03-05T05:22:29","guid":{"rendered":"https:\/\/mediarun.com\/index.php\/news-posts\/nowy-wiceprezes-zarzadu-w-muratorze\/"},"modified":"2007-03-05T06:22:29","modified_gmt":"2007-03-05T05:22:29","slug":"nowy-wiceprezes-zarzadu-w-muratorze","status":"publish","type":"post","link":"https:\/\/mediarun.com\/pl\/media\/prasa\/nowy-wiceprezes-zarzadu-w-muratorze.html","title":{"rendered":"Nowy wiceprezes zarz\u0105du w Muratorze"},"content":{"rendered":"<p>Tomasz Szakiel est dyrektorem analiz strategicznych Wydawnictwa Murator, gdzie odpowiedzialny jest tak\u017ce za nadz\u00f3r rozwoju projektu Murator Kredyty. Jako pe\u0142nomocnik zarz\u0105du w grupie ZPR S.A. czuwa nad poprawno\u015bci\u0105 transakcji handlowych zawieranych mi\u0119dzy sp\u00f3\u0142kami wchodz\u0105cymi w jej sk\u0142ad. Pe\u0142ni r\u00f3wnie\u017c funkcj\u0119 cz\u0142onka zarz\u0105du Media Express &#8211; wydawcy Super Expressu.<\/p>\n<p>Szakiel w Muratorze zajmowa\u0142 r\u00f3\u017cne stanowiska. Odpowiada\u0142 m.in. za koordynacj\u0119 dzia\u0142a\u0144 sprzeda\u017cy regionalnej, oraz za zadania dotycz\u0105ce analiz i planowania strategicznego. Kolejno by\u0142 koordynatorem ds. analiz, szefem dzia\u0142u planowania strategicznego, a w ko\u0144cu dyrektorem analiz strategicznych.<\/p>\n","protected":false},"excerpt":{"rendered":"Tomasz Szakiel na nadzwyczajnym zgromadzeniu wsp\u00f3lnik\u00f3w zosta\u0142 powo\u0142any na stanowisko wiceprezesa wydawnictwa Murator. Szakiel pe\u0142ni jednocze\u015bnie kilka funkcji.","protected":false},"author":1,"featured_media":65361,"comment_status":"open","ping_status":"closed","sticky":false,"template":"","format":"standard","meta":{"csco_display_header_overlay":false,"csco_singular_sidebar":"","csco_page_header_type":"","csco_page_load_nextpost":"","csco_post_video_location":[],"csco_post_video_location_hash":"","csco_post_video_url":"","csco_post_video_bg_start_time":0,"csco_post_video_bg_end_time":0,"footnotes":""},"categories":[9673],"tags":[],"class_list":{"0":"post-65360","1":"post","2":"type-post","3":"status-publish","4":"format-standard","5":"has-post-thumbnail","7":"category-prasa","8":"cs-entry","9":"cs-video-wrap"},"_links":{"self":[{"href":"https:\/\/mediarun.com\/pl\/wp-json\/wp\/v2\/posts\/65360","targetHints":{"allow":["GET"]}}],"collection":[{"href":"https:\/\/mediarun.com\/pl\/wp-json\/wp\/v2\/posts"}],"about":[{"href":"https:\/\/mediarun.com\/pl\/wp-json\/wp\/v2\/types\/post"}],"author":[{"embeddable":true,"href":"https:\/\/mediarun.com\/pl\/wp-json\/wp\/v2\/users\/1"}],"replies":[{"embeddable":true,"href":"https:\/\/mediarun.com\/pl\/wp-json\/wp\/v2\/comments?post=65360"}],"version-history":[{"count":0,"href":"https:\/\/mediarun.com\/pl\/wp-json\/wp\/v2\/posts\/65360\/revisions"}],"wp:featuredmedia":[{"embeddable":true,"href":"https:\/\/mediarun.com\/pl\/wp-json\/wp\/v2\/media\/65361"}],"wp:attachment":[{"href":"https:\/\/mediarun.com\/pl\/wp-json\/wp\/v2\/media?parent=65360"}],"wp:term":[{"taxonomy":"category","embeddable":true,"href":"https:\/\/mediarun.com\/pl\/wp-json\/wp\/v2\/categories?post=65360"},{"taxonomy":"post_tag","embeddable":true,"href":"https:\/\/mediarun.com\/pl\/wp-json\/wp\/v2\/tags?post=65360"}],"curies":[{"name":"wp","href":"https:\/\/api.w.org\/{rel}","templated":true}]}}