{"id":65271,"date":"2007-03-07T06:00:00","date_gmt":"2007-03-07T05:00:00","guid":{"rendered":"https:\/\/mediarun.com\/index.php\/news-posts\/wojciechowski-przechodzi-do-radiowej-jedynki\/"},"modified":"2007-03-07T06:00:00","modified_gmt":"2007-03-07T05:00:00","slug":"wojciechowski-przechodzi-do-radiowej-jedynki","status":"publish","type":"post","link":"https:\/\/mediarun.com\/pl\/ludzie\/awanse\/wojciechowski-przechodzi-do-radiowej-jedynki.html","title":{"rendered":"Wojciechowski przechodzi do radiowej Jedynki"},"content":{"rendered":"<p><P>gospodarzem audycji &#8222;Cztery pory roku&#8221; nadawanej przez Jedynk\u0119 w dni powszednie mi\u0119dzy 9 a 12. Program prowadzi\u0107 b\u0119d\u0105 na zmian\u0119 z drugim antenowym duetem&nbsp;&#8211; Paul\u0105 Michalik i Paw\u0142em Kostrzew\u0105. <\/P><br \/>\n<P>Wojciechowski w roli prowadz\u0105cego program zadebiutuje w najbli\u017cszy pi\u0105tek. Dziennikarz pojawia\u0107 si\u0119 b\u0119dzie tak\u017ce w sobotniej audycji &#8222;Cztery strony \u015bwiata&#8221;. <\/P><br \/>\n<P>Wojciechowski przez ostatnie cztery lata pracowa\u0142 w Radiu Tok FM, gdzie by\u0142 m.in. gospodarzem wieczornego pasma rozg\u0142o\u015bni.<\/P><\/p>\n","protected":false},"excerpt":{"rendered":"Marcin Wojciechowski przechodzi z Radia Tok FM do radiowej Jedynki. Razem z Mart\u0105 Kielczyk b\u0119dzie&#8230;","protected":false},"author":1,"featured_media":0,"comment_status":"open","ping_status":"closed","sticky":false,"template":"","format":"standard","meta":{"csco_display_header_overlay":false,"csco_singular_sidebar":"","csco_page_header_type":"","csco_page_load_nextpost":"","csco_post_video_location":[],"csco_post_video_location_hash":"","csco_post_video_url":"","csco_post_video_bg_start_time":0,"csco_post_video_bg_end_time":0,"footnotes":""},"categories":[9678],"tags":[],"class_list":{"0":"post-65271","1":"post","2":"type-post","3":"status-publish","4":"format-standard","6":"category-awanse","7":"cs-entry","8":"cs-video-wrap"},"_links":{"self":[{"href":"https:\/\/mediarun.com\/pl\/wp-json\/wp\/v2\/posts\/65271","targetHints":{"allow":["GET"]}}],"collection":[{"href":"https:\/\/mediarun.com\/pl\/wp-json\/wp\/v2\/posts"}],"about":[{"href":"https:\/\/mediarun.com\/pl\/wp-json\/wp\/v2\/types\/post"}],"author":[{"embeddable":true,"href":"https:\/\/mediarun.com\/pl\/wp-json\/wp\/v2\/users\/1"}],"replies":[{"embeddable":true,"href":"https:\/\/mediarun.com\/pl\/wp-json\/wp\/v2\/comments?post=65271"}],"version-history":[{"count":0,"href":"https:\/\/mediarun.com\/pl\/wp-json\/wp\/v2\/posts\/65271\/revisions"}],"wp:attachment":[{"href":"https:\/\/mediarun.com\/pl\/wp-json\/wp\/v2\/media?parent=65271"}],"wp:term":[{"taxonomy":"category","embeddable":true,"href":"https:\/\/mediarun.com\/pl\/wp-json\/wp\/v2\/categories?post=65271"},{"taxonomy":"post_tag","embeddable":true,"href":"https:\/\/mediarun.com\/pl\/wp-json\/wp\/v2\/tags?post=65271"}],"curies":[{"name":"wp","href":"https:\/\/api.w.org\/{rel}","templated":true}]}}