{"id":65223,"date":"2007-03-08T06:00:00","date_gmt":"2007-03-08T05:00:00","guid":{"rendered":"https:\/\/mediarun.com\/index.php\/news-posts\/a4-wydawca-zmienia-naczelnego\/"},"modified":"2007-03-08T06:00:00","modified_gmt":"2007-03-08T05:00:00","slug":"a4-wydawca-zmienia-naczelnego","status":"publish","type":"post","link":"https:\/\/mediarun.com\/pl\/ludzie\/awanse\/a4-wydawca-zmienia-naczelnego.html","title":{"rendered":"A4: wydawca zmienia naczelnego"},"content":{"rendered":"<p><P>Komar odszed\u0142 w wyniku nieporozumie\u0144 z wydawc\u0105.<\/P><br \/>\n<P>&#8211; Jako jedyny inwestor zale\u017ca\u0142o mi na jako\u015bci pisma i mia\u0142am swoj\u0105 ide\u0119 jak ma ono wygl\u0105da\u0107 &#8211; z tego wzgl\u0119du od jakiego\u015b czasu, nie potrafili\u015bmy doj\u015b\u0107 do wsp\u00f3lnego mianownika z Miko\u0142ajem Komarem &#8211; m\u00f3wi nam Iwona Czempi\u0144ska.<\/P><br \/>\n<P>Czempi\u0144ska t\u0142umaczy, \u017ce w zwi\u0105zku z du\u017cymi inwestycjami w rozw\u00f3j pisma nadzorowa\u0142a prace nad ka\u017cdym numerem A4 &#8211; od jego zawarto\u015bci merytorycznej, doboru sesji i tekst\u00f3w, pow wygl\u0105d szaty graficznej.<\/P><br \/>\n<P>&#8211; Jako redaktor naczelna, moja odpowiedzialno\u015b\u0107 za pismo niewiele si\u0119 zmieni. Oficjalnie &#8211; zmienia si\u0119 moje stanowisko, od zaplecza &#8211; po prostu b\u0119d\u0119 jeszcze bardziej skupiona na efekcie ko\u0144cowym. Zmiana wewn\u0105trz pisma nie b\u0119dzie a\u017c tak zauwa\u017calna, gdy\u017c by\u0142am tak samo zaanga\u017cowana w ostatnie numery, jak b\u0119d\u0119 od kolejnych &#8211; kwituje Czempi\u0144ska.<\/P><\/p>\n","protected":false},"excerpt":{"rendered":"Od marca redaktorem naczelnym magazynu A4 nie jest ju\u017c Miko\u0142aj Komar. Na stanowisku tym zast\u0105pi\u0142a go Iwona Czempi\u0144ska &#8211; wydawca pisma.","protected":false},"author":1,"featured_media":0,"comment_status":"open","ping_status":"closed","sticky":false,"template":"","format":"standard","meta":{"csco_display_header_overlay":false,"csco_singular_sidebar":"","csco_page_header_type":"","csco_page_load_nextpost":"","csco_post_video_location":[],"csco_post_video_location_hash":"","csco_post_video_url":"","csco_post_video_bg_start_time":0,"csco_post_video_bg_end_time":0,"footnotes":""},"categories":[9678],"tags":[],"class_list":{"0":"post-65223","1":"post","2":"type-post","3":"status-publish","4":"format-standard","6":"category-awanse","7":"cs-entry","8":"cs-video-wrap"},"_links":{"self":[{"href":"https:\/\/mediarun.com\/pl\/wp-json\/wp\/v2\/posts\/65223","targetHints":{"allow":["GET"]}}],"collection":[{"href":"https:\/\/mediarun.com\/pl\/wp-json\/wp\/v2\/posts"}],"about":[{"href":"https:\/\/mediarun.com\/pl\/wp-json\/wp\/v2\/types\/post"}],"author":[{"embeddable":true,"href":"https:\/\/mediarun.com\/pl\/wp-json\/wp\/v2\/users\/1"}],"replies":[{"embeddable":true,"href":"https:\/\/mediarun.com\/pl\/wp-json\/wp\/v2\/comments?post=65223"}],"version-history":[{"count":0,"href":"https:\/\/mediarun.com\/pl\/wp-json\/wp\/v2\/posts\/65223\/revisions"}],"wp:attachment":[{"href":"https:\/\/mediarun.com\/pl\/wp-json\/wp\/v2\/media?parent=65223"}],"wp:term":[{"taxonomy":"category","embeddable":true,"href":"https:\/\/mediarun.com\/pl\/wp-json\/wp\/v2\/categories?post=65223"},{"taxonomy":"post_tag","embeddable":true,"href":"https:\/\/mediarun.com\/pl\/wp-json\/wp\/v2\/tags?post=65223"}],"curies":[{"name":"wp","href":"https:\/\/api.w.org\/{rel}","templated":true}]}}