{"id":65194,"date":"2007-03-08T19:38:26","date_gmt":"2007-03-08T18:38:26","guid":{"rendered":"https:\/\/mediarun.com\/index.php\/news-posts\/krrit-mowi-nie-radiu-polnoc\/"},"modified":"2007-03-08T19:38:26","modified_gmt":"2007-03-08T18:38:26","slug":"krrit-mowi-nie-radiu-polnoc","status":"publish","type":"post","link":"https:\/\/mediarun.com\/pl\/media\/radio\/krrit-mowi-nie-radiu-polnoc.html","title":{"rendered":"KRRiT m\u00f3wi &#8216;nie&#8217; Radiu P\u00f3\u0142noc"},"content":{"rendered":"<p>&#8211; W wyniku wnioskowanej zmiany, w programie nie by\u0142aby realizowana tematyka lokalna dotycz\u0105ca Goleniowa &#8211; wyja\u015bnia nam Aneta Jamorek. &#8211; W Goleniowie poza Radiem P\u00f3\u0142noc nie jest nadawany \u017caden inny program o zasi\u0119gu lokalnym, kt\u00f3ry m\u00f3g\u0142by przej\u0105\u0107 obowi\u0105zki wnioskodawcy w zakresie tematyki lokalnej &#8211; dodaje.<\/p>\n<p>Jamorek m\u00f3wi nam, \u017ce przy zachowaniu mocy 1 kW nie by\u0142oby mo\u017cliwe uzyskanie planowanego przez nadawc\u0119 zasi\u0119gu i obj\u0119cie Goleniowa z nowej lokalizacji. &#8211; Nie by\u0142oby to r\u00f3wnie\u017c mo\u017cliwe nawet dla mocy 10 kW, g\u0142\u00f3wnie z powodu silnego wp\u0142ywu zak\u0142\u00f3ceniowego wsp\u00f3\u0142kana\u0142owej niemieckiej stacji Wolgast. Uzgodnienie wnioskowanych parametr\u00f3w wymaga\u0142oby uzgodnie\u0144 mi\u0119dzynarodowych &#8211; t\u0142umaczy nam asystentka przewodnicz\u0105cej KRRiT.<\/p>\n","protected":false},"excerpt":{"rendered":"Krajowa Rada Radiofonii i Telewizji nie zgodzi\u0142a si\u0119 na przeniesienia nadajnika Radia P\u00f3\u0142noc z Goleniowa do Szczecina na komin SEC. &#8211; W wyniku wnioskowanej zmiany miasto Goleni\u00f3w pozosta\u0142oby poza zasi\u0119giem stacji &#8211; t\u0142umaczy nam Aneta Jamorek, asystentka przewodnicz\u0105cej KRRiT.","protected":false},"author":1,"featured_media":0,"comment_status":"open","ping_status":"closed","sticky":false,"template":"","format":"standard","meta":{"csco_display_header_overlay":false,"csco_singular_sidebar":"","csco_page_header_type":"","csco_page_load_nextpost":"","csco_post_video_location":[],"csco_post_video_location_hash":"","csco_post_video_url":"","csco_post_video_bg_start_time":0,"csco_post_video_bg_end_time":0,"footnotes":""},"categories":[9672],"tags":[],"class_list":{"0":"post-65194","1":"post","2":"type-post","3":"status-publish","4":"format-standard","6":"category-radio","7":"cs-entry","8":"cs-video-wrap"},"_links":{"self":[{"href":"https:\/\/mediarun.com\/pl\/wp-json\/wp\/v2\/posts\/65194","targetHints":{"allow":["GET"]}}],"collection":[{"href":"https:\/\/mediarun.com\/pl\/wp-json\/wp\/v2\/posts"}],"about":[{"href":"https:\/\/mediarun.com\/pl\/wp-json\/wp\/v2\/types\/post"}],"author":[{"embeddable":true,"href":"https:\/\/mediarun.com\/pl\/wp-json\/wp\/v2\/users\/1"}],"replies":[{"embeddable":true,"href":"https:\/\/mediarun.com\/pl\/wp-json\/wp\/v2\/comments?post=65194"}],"version-history":[{"count":0,"href":"https:\/\/mediarun.com\/pl\/wp-json\/wp\/v2\/posts\/65194\/revisions"}],"wp:attachment":[{"href":"https:\/\/mediarun.com\/pl\/wp-json\/wp\/v2\/media?parent=65194"}],"wp:term":[{"taxonomy":"category","embeddable":true,"href":"https:\/\/mediarun.com\/pl\/wp-json\/wp\/v2\/categories?post=65194"},{"taxonomy":"post_tag","embeddable":true,"href":"https:\/\/mediarun.com\/pl\/wp-json\/wp\/v2\/tags?post=65194"}],"curies":[{"name":"wp","href":"https:\/\/api.w.org\/{rel}","templated":true}]}}