{"id":65192,"date":"2007-03-09T00:01:00","date_gmt":"2007-03-08T23:01:00","guid":{"rendered":"https:\/\/mediarun.com\/index.php\/news-posts\/tvn-przenosi-sie-do-katowic\/"},"modified":"2007-03-09T00:01:00","modified_gmt":"2007-03-08T23:01:00","slug":"tvn-przenosi-sie-do-katowic","status":"publish","type":"post","link":"https:\/\/mediarun.com\/pl\/media\/tv\/tvn-przenosi-sie-do-katowic.html","title":{"rendered":"TVN przenosi si\u0119 do Katowic"},"content":{"rendered":"<p><P>Prezes TVN Piotr Walter zapowiedzia\u0142 dalsz\u0105 rozbudow\u0119 plac\u00f3wek lokalnych, w tym stworzenie nowego o\u015brodka w Polsce Wschodniej.<\/P><br \/>\n<P>&#8211; Po rozbudowie o\u015brodka w Katowicach planujemy r\u00f3wnie\u017c wzmocnienie innych o\u015brodk\u00f3w lokalnych. Inwestujemy w nie m.in. dlatego, aby dobrze przygotowa\u0107 si\u0119 do rodz\u0105cej si\u0119 powoli konkurencji w postaci kana\u0142u zapowiadanego przez TVP3 &#8211; powiedzia\u0142 PAP prezes.<\/P><br \/>\n<P>Dotychczas w Katowicach funkcjonowa\u0142 oddzia\u0142 TVN24. W nowym o\u015brodku znalaz\u0142y si\u0119 tak\u017ce oddzia\u0142y &#8222;Fakt\u00f3w&#8221;, programu &#8222;Uwaga!&#8221;, platformy Nsport, portalu Onet.pl oraz dzia\u0142 produkcji i sprzeda\u017cy. Zlokalizowanie ich w jednym miejscu ma wzmocni\u0107 wsp\u00f3\u0142prac\u0119 poszczeg\u00f3lnych program\u00f3w i dzia\u0142\u00f3w.<\/P><br \/>\n<P>Prezes Walter przypomnia\u0142, \u017ce po przej\u0119ciu portalu Onet.pl trwaj\u0105 intensywne prace nad wsp\u00f3ln\u0105 ofert\u0105 produktow\u0105. Skupienie przedstawicielstwa portalu i telewizji w jednym oddziale ma u\u0142atwi\u0107 jej wdra\u017canie. Oddzia\u0142 dysponuje pe\u0142n\u0105 infrastruktur\u0105 techniczn\u0105, pozwalaj\u0105c\u0105 na tak\u0105 wsp\u00f3\u0142prac\u0119.<\/P><br \/>\n<P>Szef stacji, podobnie jak szef &#8222;Fakt\u00f3w&#8221; Kamil Durczok, s\u0105 przekonani, \u017ce nowy oddzia\u0142 w Katowicach odpowiada swoim potencja\u0142em wyzwaniom, jakie stawia przed mediami najwi\u0119ksza w Polsce aglomeracja. TVN liczy na wsp\u00f3\u0142prac\u0119 ze \u015bl\u0105skimi mediami m.in. w zakresie wsp\u00f3lnego podejmowania wa\u017cnych temat\u00f3w.<\/P><br \/>\n<P>Walter poinformowa\u0142, \u017ce przewidziane na ten rok prognozy finansowe sp\u00f3\u0142ki s\u0105 realizowane zgodnie z planem i nie jest przewidywana ich korekta. Stacja nie planuje akwizycji innych podmiot\u00f3w ani w kraju, ani za granic\u0105, nie my\u015bli te\u017c o nowej emisji akcji ani obligacji. Nie obserwuje za\u0142amania rynku reklamowego; przeciwnie, liczy na jego wzrost rz\u0119du 10 proc.<\/P><br \/>\n<P>Segmentem, kt\u00f3ry TVN chce rozwija\u0107, jest produkcja film\u00f3w fabularnych. Obecnie &#8211; jak m\u00f3wi\u0142 Walter &#8211; stacja jest w stanie wyprodukowa\u0107 1-2 filmy rocznie, za 4-5 lat chce produkowa\u0107 5 film\u00f3w rocznie.<\/P><br \/>\n<P>Zgodnie z wcze\u015bniejszymi zapowiedziami, w ko\u0144cu trzeciego kwarta\u0142u tego roku ma ruszy\u0107 kana\u0142 biznesowy TVN. Szczeg\u00f3ln\u0105 wag\u0119 &#8211; jak m\u00f3wi\u0142 prezes &#8211; telewizja przywi\u0105zuje do jako\u015bci kana\u0142\u00f3w tematycznych TVN Turbo i TVN Style, kt\u00f3re tak\u017ce maj\u0105 si\u0119 rozwija\u0107. <\/P><\/p>\n","protected":false},"excerpt":{"rendered":"TVN uruchomi\u0142 nowy oddzia\u0142 w Katowicach. To najwi\u0119kszy po Warszawie i Krakowie o\u015brodek stacji, b\u0119dzie zatrudnia\u0107 35 os\u00f3b.","protected":false},"author":1,"featured_media":65193,"comment_status":"open","ping_status":"closed","sticky":false,"template":"","format":"standard","meta":{"csco_display_header_overlay":false,"csco_singular_sidebar":"","csco_page_header_type":"","csco_page_load_nextpost":"","csco_post_video_location":[],"csco_post_video_location_hash":"","csco_post_video_url":"","csco_post_video_bg_start_time":0,"csco_post_video_bg_end_time":0,"footnotes":""},"categories":[9670],"tags":[1829,4986,544,3121],"class_list":{"0":"post-65192","1":"post","2":"type-post","3":"status-publish","4":"format-standard","5":"has-post-thumbnail","7":"category-tv","8":"tag-kamil-durczok","9":"tag-tvn-24","10":"tag-tvn-style","11":"tag-tvp3","12":"cs-entry","13":"cs-video-wrap"},"_links":{"self":[{"href":"https:\/\/mediarun.com\/pl\/wp-json\/wp\/v2\/posts\/65192","targetHints":{"allow":["GET"]}}],"collection":[{"href":"https:\/\/mediarun.com\/pl\/wp-json\/wp\/v2\/posts"}],"about":[{"href":"https:\/\/mediarun.com\/pl\/wp-json\/wp\/v2\/types\/post"}],"author":[{"embeddable":true,"href":"https:\/\/mediarun.com\/pl\/wp-json\/wp\/v2\/users\/1"}],"replies":[{"embeddable":true,"href":"https:\/\/mediarun.com\/pl\/wp-json\/wp\/v2\/comments?post=65192"}],"version-history":[{"count":0,"href":"https:\/\/mediarun.com\/pl\/wp-json\/wp\/v2\/posts\/65192\/revisions"}],"wp:featuredmedia":[{"embeddable":true,"href":"https:\/\/mediarun.com\/pl\/wp-json\/wp\/v2\/media\/65193"}],"wp:attachment":[{"href":"https:\/\/mediarun.com\/pl\/wp-json\/wp\/v2\/media?parent=65192"}],"wp:term":[{"taxonomy":"category","embeddable":true,"href":"https:\/\/mediarun.com\/pl\/wp-json\/wp\/v2\/categories?post=65192"},{"taxonomy":"post_tag","embeddable":true,"href":"https:\/\/mediarun.com\/pl\/wp-json\/wp\/v2\/tags?post=65192"}],"curies":[{"name":"wp","href":"https:\/\/api.w.org\/{rel}","templated":true}]}}