{"id":65188,"date":"2007-03-09T06:00:00","date_gmt":"2007-03-09T05:00:00","guid":{"rendered":"https:\/\/mediarun.com\/index.php\/news-posts\/media-concept-ma-nowego-prezesa\/"},"modified":"2007-03-09T06:00:00","modified_gmt":"2007-03-09T05:00:00","slug":"media-concept-ma-nowego-prezesa","status":"publish","type":"post","link":"https:\/\/mediarun.com\/pl\/ludzie\/awanse\/media-concept-ma-nowego-prezesa.html","title":{"rendered":"Media Concept ma nowego prezesa"},"content":{"rendered":"<p><P>Lidia Jurek, do niedawna prezes zarz\u0105du, zrezygnowa\u0142a ze stanowiska ze wzgl\u0119du na problemy zdrowotne, kt\u00f3re &#8222;od kilku miesi\u0119cy utrudnia\u0142y anga\u017cowanie si\u0119 w codzienn\u0105 dzia\u0142alno\u015b\u0107 Media Concept&#8221;. Udzia\u0142owcy sp\u00f3\u0142ki wsp\u00f3lnie podj\u0119li decyzj\u0119 o zmianie obsady. <\/P><br \/>\n<P>W dotychczasowym sk\u0142adzie zespo\u0142\u00f3w dedykowanych poszczeg\u00f3lnym klientom nie nast\u0105pi\u0105 w zwi\u0105zku z tym \u017cadne zmiany.<\/P><\/p>\n","protected":false},"excerpt":{"rendered":"Bartosz Nowakowski obj\u0105\u0142 stanowisko prezesa zarz\u0105du domu mediowego Media Concept. Dotychczas by\u0142 wiceprezesem.","protected":false},"author":1,"featured_media":65189,"comment_status":"open","ping_status":"closed","sticky":false,"template":"","format":"standard","meta":{"csco_display_header_overlay":false,"csco_singular_sidebar":"","csco_page_header_type":"","csco_page_load_nextpost":"","csco_post_video_location":[],"csco_post_video_location_hash":"","csco_post_video_url":"","csco_post_video_bg_start_time":0,"csco_post_video_bg_end_time":0,"footnotes":""},"categories":[9678],"tags":[],"class_list":{"0":"post-65188","1":"post","2":"type-post","3":"status-publish","4":"format-standard","5":"has-post-thumbnail","7":"category-awanse","8":"cs-entry","9":"cs-video-wrap"},"_links":{"self":[{"href":"https:\/\/mediarun.com\/pl\/wp-json\/wp\/v2\/posts\/65188","targetHints":{"allow":["GET"]}}],"collection":[{"href":"https:\/\/mediarun.com\/pl\/wp-json\/wp\/v2\/posts"}],"about":[{"href":"https:\/\/mediarun.com\/pl\/wp-json\/wp\/v2\/types\/post"}],"author":[{"embeddable":true,"href":"https:\/\/mediarun.com\/pl\/wp-json\/wp\/v2\/users\/1"}],"replies":[{"embeddable":true,"href":"https:\/\/mediarun.com\/pl\/wp-json\/wp\/v2\/comments?post=65188"}],"version-history":[{"count":0,"href":"https:\/\/mediarun.com\/pl\/wp-json\/wp\/v2\/posts\/65188\/revisions"}],"wp:featuredmedia":[{"embeddable":true,"href":"https:\/\/mediarun.com\/pl\/wp-json\/wp\/v2\/media\/65189"}],"wp:attachment":[{"href":"https:\/\/mediarun.com\/pl\/wp-json\/wp\/v2\/media?parent=65188"}],"wp:term":[{"taxonomy":"category","embeddable":true,"href":"https:\/\/mediarun.com\/pl\/wp-json\/wp\/v2\/categories?post=65188"},{"taxonomy":"post_tag","embeddable":true,"href":"https:\/\/mediarun.com\/pl\/wp-json\/wp\/v2\/tags?post=65188"}],"curies":[{"name":"wp","href":"https:\/\/api.w.org\/{rel}","templated":true}]}}