{"id":65031,"date":"2007-03-14T00:01:00","date_gmt":"2007-03-13T23:01:00","guid":{"rendered":"https:\/\/mediarun.com\/index.php\/news-posts\/mediatak-ma-7-lat\/"},"modified":"2007-03-14T00:01:00","modified_gmt":"2007-03-13T23:01:00","slug":"mediatak-ma-7-lat","status":"publish","type":"post","link":"https:\/\/mediarun.com\/pl\/wydarzenia\/mediatak-ma-7-lat.html","title":{"rendered":"Mediatak ma 7 lat"},"content":{"rendered":"<p><P>Mediatak reprezentuje ca\u0142\u0105 pras\u0119 regionaln\u0105 na rynku reklamy w Polsce. Obs\u0142uguje domy mediowe i agencje reklamowe w Polsce. <\/P><br \/>\n<P>W oparciu o wszystkie tytu\u0142y regionalne (dzienniki, tygodniki, tv guide&#8217;y) Mediatak tworzy sprofilowane oferty, dostosowane do potrzeb klienta. Poza kampani\u0105 totaln\u0105 &#8211; Big Power, kampani\u0105 miejsk\u0105 &#8211; Big City i regionaln\u0105 &#8211; Big Regions, Mediatak przygotowuje oferty selektywne i wydania specjalne, do\u0142\u0105czane do dziennik\u00f3w regionalnych, w tym dodatki tematyczne, przewodniki i poradniki.<\/P><br \/>\n<P>W ostatnim czasie firma wprowadzi\u0142a niestandardowe formaty reklam: &#8222;wysp\u0119&#8221;, &#8222;post-it&#8221;, &#8222;banderol\u0119&#8221;, &#8222;kurtyn\u0119&#8221;, &#8222;panoram\u0119&#8221;, &#8222;skyscraper&#8221; &#8211; w cenach zbli\u017conych do standardowych reklam.<\/P><\/p>\n","protected":false},"excerpt":{"rendered":"Dom Prasy Regionalnej Mediatak obchodzi w tym roku si\u00f3dm\u0105 rocznic\u0119 swojej dzia\u0142alno\u015bci.","protected":false},"author":1,"featured_media":0,"comment_status":"open","ping_status":"closed","sticky":false,"template":"","format":"standard","meta":{"csco_display_header_overlay":false,"csco_singular_sidebar":"","csco_page_header_type":"","csco_page_load_nextpost":"","csco_post_video_location":[],"csco_post_video_location_hash":"","csco_post_video_url":"","csco_post_video_bg_start_time":0,"csco_post_video_bg_end_time":0,"footnotes":""},"categories":[46],"tags":[3109],"class_list":{"0":"post-65031","1":"post","2":"type-post","3":"status-publish","4":"format-standard","6":"category-wydarzenia","7":"tag-mediatak","8":"cs-entry","9":"cs-video-wrap"},"_links":{"self":[{"href":"https:\/\/mediarun.com\/pl\/wp-json\/wp\/v2\/posts\/65031","targetHints":{"allow":["GET"]}}],"collection":[{"href":"https:\/\/mediarun.com\/pl\/wp-json\/wp\/v2\/posts"}],"about":[{"href":"https:\/\/mediarun.com\/pl\/wp-json\/wp\/v2\/types\/post"}],"author":[{"embeddable":true,"href":"https:\/\/mediarun.com\/pl\/wp-json\/wp\/v2\/users\/1"}],"replies":[{"embeddable":true,"href":"https:\/\/mediarun.com\/pl\/wp-json\/wp\/v2\/comments?post=65031"}],"version-history":[{"count":0,"href":"https:\/\/mediarun.com\/pl\/wp-json\/wp\/v2\/posts\/65031\/revisions"}],"wp:attachment":[{"href":"https:\/\/mediarun.com\/pl\/wp-json\/wp\/v2\/media?parent=65031"}],"wp:term":[{"taxonomy":"category","embeddable":true,"href":"https:\/\/mediarun.com\/pl\/wp-json\/wp\/v2\/categories?post=65031"},{"taxonomy":"post_tag","embeddable":true,"href":"https:\/\/mediarun.com\/pl\/wp-json\/wp\/v2\/tags?post=65031"}],"curies":[{"name":"wp","href":"https:\/\/api.w.org\/{rel}","templated":true}]}}