{"id":65024,"date":"2007-03-14T00:01:00","date_gmt":"2007-03-13T23:01:00","guid":{"rendered":"https:\/\/mediarun.com\/index.php\/news-posts\/tvn-turbo-raport-ma-nowego-prowadzacego\/"},"modified":"2007-03-14T00:01:00","modified_gmt":"2007-03-13T23:01:00","slug":"tvn-turbo-raport-ma-nowego-prowadzacego","status":"publish","type":"post","link":"https:\/\/mediarun.com\/pl\/ludzie\/awanse\/tvn-turbo-raport-ma-nowego-prowadzacego.html","title":{"rendered":"TVN Turbo: Raport ma nowego prowadz\u0105cego"},"content":{"rendered":"<p><P>B\u0119dzie prowadzi\u0142 program na zmian\u0119 z Patrykiem Mikiciukiem. <\/P><br \/>\n<P>Orzepi\u0144ski (na zdj\u0119ciu&nbsp;po lewej) by\u0142 dotychczas szefem program\u00f3w informacyjnych w \u0142\u00f3dzkim Radiu Pogoda.<\/P><br \/>\n<P>Raport jest pierwszym programem informacyjnym na antenie TVN Turbo. Magazyn po\u015bwi\u0119cony jest informacjom o motoryzacji z kraju i ze \u015bwiata, premierom samochodowym i najwa\u017cniejszym wydarzeniom w bran\u017cy.<\/P><br \/>\n<P>Program jest emitowany na antenie TVN Turbo od poniedzia\u0142ku do pi\u0105tku o godz. 17.30.<\/P><\/p>\n","protected":false},"excerpt":{"rendered":"19 marca na antenie TVN Turbo pojawi si\u0119 Marcin Orzepi\u0144ski, nowy prowadz\u0105cy program informacyjny Raport.","protected":false},"author":1,"featured_media":65025,"comment_status":"open","ping_status":"closed","sticky":false,"template":"","format":"standard","meta":{"csco_display_header_overlay":false,"csco_singular_sidebar":"","csco_page_header_type":"","csco_page_load_nextpost":"","csco_post_video_location":[],"csco_post_video_location_hash":"","csco_post_video_url":"","csco_post_video_bg_start_time":0,"csco_post_video_bg_end_time":0,"footnotes":""},"categories":[9678],"tags":[],"class_list":{"0":"post-65024","1":"post","2":"type-post","3":"status-publish","4":"format-standard","5":"has-post-thumbnail","7":"category-awanse","8":"cs-entry","9":"cs-video-wrap"},"_links":{"self":[{"href":"https:\/\/mediarun.com\/pl\/wp-json\/wp\/v2\/posts\/65024","targetHints":{"allow":["GET"]}}],"collection":[{"href":"https:\/\/mediarun.com\/pl\/wp-json\/wp\/v2\/posts"}],"about":[{"href":"https:\/\/mediarun.com\/pl\/wp-json\/wp\/v2\/types\/post"}],"author":[{"embeddable":true,"href":"https:\/\/mediarun.com\/pl\/wp-json\/wp\/v2\/users\/1"}],"replies":[{"embeddable":true,"href":"https:\/\/mediarun.com\/pl\/wp-json\/wp\/v2\/comments?post=65024"}],"version-history":[{"count":0,"href":"https:\/\/mediarun.com\/pl\/wp-json\/wp\/v2\/posts\/65024\/revisions"}],"wp:featuredmedia":[{"embeddable":true,"href":"https:\/\/mediarun.com\/pl\/wp-json\/wp\/v2\/media\/65025"}],"wp:attachment":[{"href":"https:\/\/mediarun.com\/pl\/wp-json\/wp\/v2\/media?parent=65024"}],"wp:term":[{"taxonomy":"category","embeddable":true,"href":"https:\/\/mediarun.com\/pl\/wp-json\/wp\/v2\/categories?post=65024"},{"taxonomy":"post_tag","embeddable":true,"href":"https:\/\/mediarun.com\/pl\/wp-json\/wp\/v2\/tags?post=65024"}],"curies":[{"name":"wp","href":"https:\/\/api.w.org\/{rel}","templated":true}]}}