{"id":64896,"date":"2007-03-16T15:30:54","date_gmt":"2007-03-16T14:30:54","guid":{"rendered":"https:\/\/mediarun.com\/index.php\/news-posts\/odejda-z-pr-za-porozumieniem-stron\/"},"modified":"2007-03-16T15:30:54","modified_gmt":"2007-03-16T14:30:54","slug":"odejda-z-pr-za-porozumieniem-stron","status":"publish","type":"post","link":"https:\/\/mediarun.com\/pl\/media\/radio\/odejda-z-pr-za-porozumieniem-stron.html","title":{"rendered":"Odejd\u0105 z PR za porozumieniem stron"},"content":{"rendered":"<p>Polska Agencja Prasowa donosi, \u017ce wr\u0119czanie wypowiedze\u0144 w Polskim Radiu rozpocznie si\u0119 1 kwietnia i potrwa do 30 czerwca tego roku. Zwolnienia grupowe s\u0105 cz\u0119\u015bci\u0105 szerszej restrukturyzacji w Polskim Radiu. <\/p>\n<p>W\u015br\u00f3d os\u00f3b, kt\u00f3re strac\u0105 prac\u0119 w publicznym radiu s\u0105, jak informuj\u0105 w pi\u0105tek Rzeczpospolita i Gazeta Wyborcza, m.in. Tadeusz Sznuk, Zbigniew Krajewski, Krzysztof Grzesiowski i Ma\u0142gorzata S\u0142omkowska.<\/p>\n","protected":false},"excerpt":{"rendered":"Ponad 230 os\u00f3b straci prac\u0119 w Polskim Radiu. Pracownicy odejd\u0105 z PR za porozumieniem stron. Rzecznik publicznego radia informuje PAP, \u017ce negocjacje zwi\u0105zk\u00f3w zawodowych z zarz\u0105dem dotycz\u0105cych pozosta\u0142ych ok. 60 os\u00f3b jeszcze trwaj\u0105.","protected":false},"author":1,"featured_media":64897,"comment_status":"open","ping_status":"closed","sticky":false,"template":"","format":"standard","meta":{"csco_display_header_overlay":false,"csco_singular_sidebar":"","csco_page_header_type":"","csco_page_load_nextpost":"","csco_post_video_location":[],"csco_post_video_location_hash":"","csco_post_video_url":"","csco_post_video_bg_start_time":0,"csco_post_video_bg_end_time":0,"footnotes":""},"categories":[9672],"tags":[],"class_list":{"0":"post-64896","1":"post","2":"type-post","3":"status-publish","4":"format-standard","5":"has-post-thumbnail","7":"category-radio","8":"cs-entry","9":"cs-video-wrap"},"_links":{"self":[{"href":"https:\/\/mediarun.com\/pl\/wp-json\/wp\/v2\/posts\/64896","targetHints":{"allow":["GET"]}}],"collection":[{"href":"https:\/\/mediarun.com\/pl\/wp-json\/wp\/v2\/posts"}],"about":[{"href":"https:\/\/mediarun.com\/pl\/wp-json\/wp\/v2\/types\/post"}],"author":[{"embeddable":true,"href":"https:\/\/mediarun.com\/pl\/wp-json\/wp\/v2\/users\/1"}],"replies":[{"embeddable":true,"href":"https:\/\/mediarun.com\/pl\/wp-json\/wp\/v2\/comments?post=64896"}],"version-history":[{"count":0,"href":"https:\/\/mediarun.com\/pl\/wp-json\/wp\/v2\/posts\/64896\/revisions"}],"wp:featuredmedia":[{"embeddable":true,"href":"https:\/\/mediarun.com\/pl\/wp-json\/wp\/v2\/media\/64897"}],"wp:attachment":[{"href":"https:\/\/mediarun.com\/pl\/wp-json\/wp\/v2\/media?parent=64896"}],"wp:term":[{"taxonomy":"category","embeddable":true,"href":"https:\/\/mediarun.com\/pl\/wp-json\/wp\/v2\/categories?post=64896"},{"taxonomy":"post_tag","embeddable":true,"href":"https:\/\/mediarun.com\/pl\/wp-json\/wp\/v2\/tags?post=64896"}],"curies":[{"name":"wp","href":"https:\/\/api.w.org\/{rel}","templated":true}]}}