{"id":64875,"date":"2007-03-19T06:00:00","date_gmt":"2007-03-19T05:00:00","guid":{"rendered":"https:\/\/mediarun.com\/index.php\/news-posts\/itvp-informacje-na-zadanie-2\/"},"modified":"2007-03-19T06:00:00","modified_gmt":"2007-03-19T05:00:00","slug":"itvp-informacje-na-zadanie-2","status":"publish","type":"post","link":"https:\/\/mediarun.com\/pl\/media\/tv\/itvp-informacje-na-zadanie-2.html","title":{"rendered":"iTVP: informacje na \u017c\u0105danie"},"content":{"rendered":"<p><P>Od po\u0142owy lutego na itvp.pl  w kanale tematycznym Informacje i Publicystyka ogl\u0105da\u0107 mo\u017cna wszystkie programy informacyjne Telewizji Polskiej &#8211; &#8222;Wiadomo\u015bci&#8221;, &#8222;Teleexpress&#8221;, &#8222;Panoram\u0119&#8221; i &#8222;Kurier&#8221;. Codziennie emitowanych jest ok. 20 tego typu program\u00f3w TVP. Sam &#8222;Kurier&#8221; ma ok. 12 wyda\u0144 dziennie, &#8222;Wiadomo\u015bci&#8221; &#8211; 4, &#8222;Panorama&#8221; &#8211; 3 a &#8222;Teleexpress&#8221; jedno. Pierwszym programem informacyjnym dnia dost\u0119pnym na \u017cywo w iTVP s\u0105 &#8222;Wiadomo\u015bci&#8221; o godz. 8.00, a ostatnim &#8211; &#8222;Kurier&#8221; o godz. 22.30.<\/P><br \/>\n<P>Jednak od 18 marca, wszystkie programy informacyjne dost\u0119pne b\u0119d\u0105 nie tylko na \u017cywo, r\u00f3wnocze\u015bnie z emisj\u0105 antenow\u0105, ale r\u00f3wnie\u017c na \u017c\u0105danie (VOD). Natomiast od po\u0142owy kwietnia omawiane programy b\u0119d\u0105 dost\u0119pne w iTVP z opcj\u0105 tzw. TimeShiftingu. Dzi\u0119ki temu widz b\u0119dzie m\u00f3g\u0142 zatrzyma\u0107 emitowan\u0105 na \u017cywo audycj\u0119 i wznowi\u0107 jej ogl\u0105danie &#8211; ju\u017c jako VOD &#8211; jeszcze w trakcie jej trwania. <\/P><br \/>\n<P>&#8211; Teraz &#8222;Wiadomo\u015bci&#8221;, &#8222;Panoram\u0119&#8221; i &#8222;Teleexpress&#8221; mo\u017cna w iTVP ogl\u0105da\u0107 tak\u017ce jako VOD czyli na \u017c\u0105danie. Dzi\u0119ki temu nasi widzowie maj\u0105 dost\u0119p do program\u00f3w informacyjnych telewizji publicznej w wybranym przez siebie czasie. Wychodzimy w ten spos\u00f3b naprzeciw oczekiwaniom m.in. os\u00f3b, kt\u00f3re w czasie ich emisji pracuj\u0105 lub Polak\u00f3w przebywaj\u0105cych za granic\u0105, kt\u00f3rzy nie maj\u0105 dost\u0119pu do TV Polonia &#8211; m\u00f3wi Marcin Bochenek, cz\u0142onek zarz\u0105du TVP ds. technologii i rozwoju.<\/P><\/p>\n","protected":false},"excerpt":{"rendered":"Teraz widzowie telewizji interaktywnej iTVP nie tylko b\u0119d\u0105 mogli ogl\u0105da\u0107 przez internet programy informacyjne na \u017cywo, ale r\u00f3wnie\u017c jako video on demand.","protected":false},"author":1,"featured_media":64876,"comment_status":"open","ping_status":"closed","sticky":false,"template":"","format":"standard","meta":{"csco_display_header_overlay":false,"csco_singular_sidebar":"","csco_page_header_type":"","csco_page_load_nextpost":"","csco_post_video_location":[],"csco_post_video_location_hash":"","csco_post_video_url":"","csco_post_video_bg_start_time":0,"csco_post_video_bg_end_time":0,"footnotes":""},"categories":[9670],"tags":[1095,516],"class_list":{"0":"post-64875","1":"post","2":"type-post","3":"status-publish","4":"format-standard","5":"has-post-thumbnail","7":"category-tv","8":"tag-panorama","9":"tag-vod","10":"cs-entry","11":"cs-video-wrap"},"_links":{"self":[{"href":"https:\/\/mediarun.com\/pl\/wp-json\/wp\/v2\/posts\/64875","targetHints":{"allow":["GET"]}}],"collection":[{"href":"https:\/\/mediarun.com\/pl\/wp-json\/wp\/v2\/posts"}],"about":[{"href":"https:\/\/mediarun.com\/pl\/wp-json\/wp\/v2\/types\/post"}],"author":[{"embeddable":true,"href":"https:\/\/mediarun.com\/pl\/wp-json\/wp\/v2\/users\/1"}],"replies":[{"embeddable":true,"href":"https:\/\/mediarun.com\/pl\/wp-json\/wp\/v2\/comments?post=64875"}],"version-history":[{"count":0,"href":"https:\/\/mediarun.com\/pl\/wp-json\/wp\/v2\/posts\/64875\/revisions"}],"wp:featuredmedia":[{"embeddable":true,"href":"https:\/\/mediarun.com\/pl\/wp-json\/wp\/v2\/media\/64876"}],"wp:attachment":[{"href":"https:\/\/mediarun.com\/pl\/wp-json\/wp\/v2\/media?parent=64875"}],"wp:term":[{"taxonomy":"category","embeddable":true,"href":"https:\/\/mediarun.com\/pl\/wp-json\/wp\/v2\/categories?post=64875"},{"taxonomy":"post_tag","embeddable":true,"href":"https:\/\/mediarun.com\/pl\/wp-json\/wp\/v2\/tags?post=64875"}],"curies":[{"name":"wp","href":"https:\/\/api.w.org\/{rel}","templated":true}]}}