{"id":6472,"date":"2012-05-09T13:16:27","date_gmt":"2012-05-09T11:16:27","guid":{"rendered":"https:\/\/mediarun.com\/index.php\/news-posts\/fc-porto-od-kuchni-w-canal\/"},"modified":"2012-05-09T13:16:27","modified_gmt":"2012-05-09T11:16:27","slug":"fc-porto-od-kuchni-w-canal","status":"publish","type":"post","link":"https:\/\/mediarun.com\/pl\/media\/tv\/fc-porto-od-kuchni-w-canal.html","title":{"rendered":"FC Porto &#8222;od kuchni&#8221; w Canal+"},"content":{"rendered":"<p>Zarejestrowany przez nich materia\u0142 zawiera informacje o zasadach jego funkcjonowania. Ros\u0142o\u0144 i Mielcarski odwiedzili m.in. o\u015brodek treningowy oraz szk&oacute;\u0142k\u0119 m\u0142odzie\u017cow\u0105 klubu, kt&oacute;ry s\u0142ynnie z wzorcowej pracy z m\u0142odzie\u017c\u0105.<\/p>\n<p>Widzowie zobacz\u0105 m.in. wywiad z prezesem Jorge Nuno Pinto da Cost\u0105 i innymi wa\u017cnymi postaciami klubu, m.in. szefem szkolenia m\u0142odzie\u017cy Luisem Castro i Rui Barrosem, legend\u0105 klubu, a obecnie &#8222;\u0142owc\u0105&#8221; talent&oacute;w w FC Porto.<\/p>\n<p>W materiale nie zabraknie rozm&oacute;w z pi\u0142karskimi gwiazdami aktualnych mistrz&oacute;w Portugalii &#8211; Joao Moutinho i Hulkiem, a tak\u017ce wywiadu z by\u0142ym polskim bramkarzem FC Porto J&oacute;zefem M\u0142ynarczykiem.<\/p>\n<p>Materia\u0142 o FC Porto b\u0119dzie emitowany 19 i 20 maja br. od godz. od 10.00 rano do godzin wieczornych, na antenie Canal+ Sport.<\/p>\n","protected":false},"excerpt":{"rendered":"19 i 20 maja br. Canal+ poka\u017ce materia\u0142 o FC Porto &#8211; europejskim klubie, kt&oacute;ry pod koniec kwietnia br. odwiedzili dziennikarz Canal+ Marcin Ros\u0142o\u0144 &#8211; ekspert stacji i Grzegorz Mielcarski &#8211; by\u0142y gracz tego klubu.","protected":false},"author":1,"featured_media":6473,"comment_status":"open","ping_status":"closed","sticky":false,"template":"","format":"standard","meta":{"csco_display_header_overlay":false,"csco_singular_sidebar":"","csco_page_header_type":"","csco_page_load_nextpost":"","csco_post_video_location":[],"csco_post_video_location_hash":"","csco_post_video_url":"","csco_post_video_bg_start_time":0,"csco_post_video_bg_end_time":0,"footnotes":""},"categories":[9670],"tags":[518],"class_list":{"0":"post-6472","1":"post","2":"type-post","3":"status-publish","4":"format-standard","5":"has-post-thumbnail","7":"category-tv","8":"tag-canal","9":"cs-entry","10":"cs-video-wrap"},"_links":{"self":[{"href":"https:\/\/mediarun.com\/pl\/wp-json\/wp\/v2\/posts\/6472","targetHints":{"allow":["GET"]}}],"collection":[{"href":"https:\/\/mediarun.com\/pl\/wp-json\/wp\/v2\/posts"}],"about":[{"href":"https:\/\/mediarun.com\/pl\/wp-json\/wp\/v2\/types\/post"}],"author":[{"embeddable":true,"href":"https:\/\/mediarun.com\/pl\/wp-json\/wp\/v2\/users\/1"}],"replies":[{"embeddable":true,"href":"https:\/\/mediarun.com\/pl\/wp-json\/wp\/v2\/comments?post=6472"}],"version-history":[{"count":0,"href":"https:\/\/mediarun.com\/pl\/wp-json\/wp\/v2\/posts\/6472\/revisions"}],"wp:featuredmedia":[{"embeddable":true,"href":"https:\/\/mediarun.com\/pl\/wp-json\/wp\/v2\/media\/6473"}],"wp:attachment":[{"href":"https:\/\/mediarun.com\/pl\/wp-json\/wp\/v2\/media?parent=6472"}],"wp:term":[{"taxonomy":"category","embeddable":true,"href":"https:\/\/mediarun.com\/pl\/wp-json\/wp\/v2\/categories?post=6472"},{"taxonomy":"post_tag","embeddable":true,"href":"https:\/\/mediarun.com\/pl\/wp-json\/wp\/v2\/tags?post=6472"}],"curies":[{"name":"wp","href":"https:\/\/api.w.org\/{rel}","templated":true}]}}