{"id":64466,"date":"2007-03-30T06:00:00","date_gmt":"2007-03-30T04:00:00","guid":{"rendered":"https:\/\/mediarun.com\/index.php\/news-posts\/multi-communications-podzielone\/"},"modified":"2007-03-30T06:00:00","modified_gmt":"2007-03-30T04:00:00","slug":"multi-communications-podzielone","status":"publish","type":"post","link":"https:\/\/mediarun.com\/pl\/marketing\/pr\/multi-communications-podzielone.html","title":{"rendered":"Multi Communications podzielone"},"content":{"rendered":"<p><P>oraz Multi Communications, kt\u00f3ra realizuje dzia\u0142ania z zakresu public relations. <\/P><br \/>\n<P>Prezesem Multi Event jest Ma\u0142gorzata Bekier a wiceprezesem Mariusz Pleban, kt\u00f3rzy posiadaj\u0105 po 50 proc. udzia\u0142\u00f3w. Zespo\u0142ami projektowymi b\u0119d\u0105 kierowa\u0107 Monika Micha\u0142owska i Pawe\u0142 Cieci\u00f3rkowski zwi\u0105zani dotychczas z dzia\u0142em Event Management Multi Communications.<\/P><br \/>\n<P>Multi Event b\u0119dzie \u015bwiadczy\u0107 us\u0142ugi obejmuj\u0105ce m.in. organizacj\u0119 kongres\u00f3w, konferencji i seminari\u00f3w, uroczystych gali, premier i inauguracji imprez jubileuszowych, road show oraz innych wydarze\u0144.<\/P><br \/>\n<P>Prezentacja nowej identyfikacji wizualnej i oficjalny start nowej sp\u00f3\u0142ki zaplanowano na czerwiec br. <\/P><\/p>\n","protected":false},"excerpt":{"rendered":"Agencja Multi Communications podzieli\u0142a si\u0119 na dwie osobne sp\u00f3\u0142ki: Multi Event, specjalizuj\u0105c\u0105 si\u0119 w organizacji imprez&#8230;","protected":false},"author":1,"featured_media":64467,"comment_status":"open","ping_status":"closed","sticky":false,"template":"","format":"standard","meta":{"csco_display_header_overlay":false,"csco_singular_sidebar":"","csco_page_header_type":"","csco_page_load_nextpost":"","csco_post_video_location":[],"csco_post_video_location_hash":"","csco_post_video_url":"","csco_post_video_bg_start_time":0,"csco_post_video_bg_end_time":0,"footnotes":""},"categories":[9648],"tags":[],"class_list":{"0":"post-64466","1":"post","2":"type-post","3":"status-publish","4":"format-standard","5":"has-post-thumbnail","7":"category-pr","8":"cs-entry","9":"cs-video-wrap"},"_links":{"self":[{"href":"https:\/\/mediarun.com\/pl\/wp-json\/wp\/v2\/posts\/64466","targetHints":{"allow":["GET"]}}],"collection":[{"href":"https:\/\/mediarun.com\/pl\/wp-json\/wp\/v2\/posts"}],"about":[{"href":"https:\/\/mediarun.com\/pl\/wp-json\/wp\/v2\/types\/post"}],"author":[{"embeddable":true,"href":"https:\/\/mediarun.com\/pl\/wp-json\/wp\/v2\/users\/1"}],"replies":[{"embeddable":true,"href":"https:\/\/mediarun.com\/pl\/wp-json\/wp\/v2\/comments?post=64466"}],"version-history":[{"count":0,"href":"https:\/\/mediarun.com\/pl\/wp-json\/wp\/v2\/posts\/64466\/revisions"}],"wp:featuredmedia":[{"embeddable":true,"href":"https:\/\/mediarun.com\/pl\/wp-json\/wp\/v2\/media\/64467"}],"wp:attachment":[{"href":"https:\/\/mediarun.com\/pl\/wp-json\/wp\/v2\/media?parent=64466"}],"wp:term":[{"taxonomy":"category","embeddable":true,"href":"https:\/\/mediarun.com\/pl\/wp-json\/wp\/v2\/categories?post=64466"},{"taxonomy":"post_tag","embeddable":true,"href":"https:\/\/mediarun.com\/pl\/wp-json\/wp\/v2\/tags?post=64466"}],"curies":[{"name":"wp","href":"https:\/\/api.w.org\/{rel}","templated":true}]}}