{"id":64455,"date":"2007-03-30T06:00:00","date_gmt":"2007-03-30T04:00:00","guid":{"rendered":"https:\/\/mediarun.com\/index.php\/news-posts\/idmnet-przebudowuje-dzial-agencyjny\/"},"modified":"2007-03-30T06:00:00","modified_gmt":"2007-03-30T04:00:00","slug":"idmnet-przebudowuje-dzial-agencyjny","status":"publish","type":"post","link":"https:\/\/mediarun.com\/pl\/ludzie\/awanse\/idmnet-przebudowuje-dzial-agencyjny.html","title":{"rendered":"IDMnet przebudowuje dzia\u0142 agencyjny"},"content":{"rendered":"<p><P>ca\u0142y dzia\u0142 agencyjny, kt\u00f3rego nowym szefem zostanie Pawe\u0142 Gordon. <\/P><br \/>\n<P>Gordon ostatnio pracowa\u0142 w dziale sprzeda\u017cy on-line wydawnictwa IDG, gdzie zajmowa\u0142 si\u0119 obs\u0142ug\u0105 klient\u00f3w agencyjnych, broker\u00f3w i dom\u00f3w mediowych.<\/P><br \/>\n<P>Do zespo\u0142u agencyjnego do\u0142\u0105czy tak\u017ce Adam Pachla oraz Grzegorz Majewski.<\/P><br \/>\n<P>Pachla obejmie funkcj\u0119 account managera. Do jego obowi\u0105zk\u00f3w b\u0119dzie nale\u017ca\u0142a mi\u0119dzy innymi wsp\u00f3\u0142praca z domami mediowymi. Przez ostatnie dwa lata pracowa\u0142 w firmie badawczej Gemius SA.<\/P><br \/>\n<P>Trzeci\u0105 osob\u0105, kt\u00f3ra do\u0142\u0105czy od kwietnia do sieci IDMnet b\u0119dzie Grzegorz Majewski, kt\u00f3ry zajmie stanowisko junior account managera. <\/P><\/p>\n","protected":false},"excerpt":{"rendered":"W sieci reklamowej IDMnet dosz\u0142o do kilku zmian personalnych. Przebudowie i wzmocnieniu ulega&#8230;","protected":false},"author":1,"featured_media":64456,"comment_status":"open","ping_status":"closed","sticky":false,"template":"","format":"standard","meta":{"csco_display_header_overlay":false,"csco_singular_sidebar":"","csco_page_header_type":"","csco_page_load_nextpost":"","csco_post_video_location":[],"csco_post_video_location_hash":"","csco_post_video_url":"","csco_post_video_bg_start_time":0,"csco_post_video_bg_end_time":0,"footnotes":""},"categories":[9678],"tags":[193],"class_list":{"0":"post-64455","1":"post","2":"type-post","3":"status-publish","4":"format-standard","5":"has-post-thumbnail","7":"category-awanse","8":"tag-idmnet","9":"cs-entry","10":"cs-video-wrap"},"_links":{"self":[{"href":"https:\/\/mediarun.com\/pl\/wp-json\/wp\/v2\/posts\/64455","targetHints":{"allow":["GET"]}}],"collection":[{"href":"https:\/\/mediarun.com\/pl\/wp-json\/wp\/v2\/posts"}],"about":[{"href":"https:\/\/mediarun.com\/pl\/wp-json\/wp\/v2\/types\/post"}],"author":[{"embeddable":true,"href":"https:\/\/mediarun.com\/pl\/wp-json\/wp\/v2\/users\/1"}],"replies":[{"embeddable":true,"href":"https:\/\/mediarun.com\/pl\/wp-json\/wp\/v2\/comments?post=64455"}],"version-history":[{"count":0,"href":"https:\/\/mediarun.com\/pl\/wp-json\/wp\/v2\/posts\/64455\/revisions"}],"wp:featuredmedia":[{"embeddable":true,"href":"https:\/\/mediarun.com\/pl\/wp-json\/wp\/v2\/media\/64456"}],"wp:attachment":[{"href":"https:\/\/mediarun.com\/pl\/wp-json\/wp\/v2\/media?parent=64455"}],"wp:term":[{"taxonomy":"category","embeddable":true,"href":"https:\/\/mediarun.com\/pl\/wp-json\/wp\/v2\/categories?post=64455"},{"taxonomy":"post_tag","embeddable":true,"href":"https:\/\/mediarun.com\/pl\/wp-json\/wp\/v2\/tags?post=64455"}],"curies":[{"name":"wp","href":"https:\/\/api.w.org\/{rel}","templated":true}]}}