{"id":64411,"date":"2007-04-02T06:00:00","date_gmt":"2007-04-02T04:00:00","guid":{"rendered":"https:\/\/mediarun.com\/index.php\/news-posts\/mtv-polska-nie-bedzie-kreskowki-o-papiezu\/"},"modified":"2007-04-02T06:00:00","modified_gmt":"2007-04-02T04:00:00","slug":"mtv-polska-nie-bedzie-kreskowki-o-papiezu","status":"publish","type":"post","link":"https:\/\/mediarun.com\/pl\/media\/tv\/mtv-polska-nie-bedzie-kreskowki-o-papiezu.html","title":{"rendered":"MTV Polska: nie b\u0119dzie kresk\u00f3wki o papie\u017cu"},"content":{"rendered":"<p><P>Na stronie www.mtv.pl w sekcji &#8222;Kontroluj swoje MTV! Wybierz kresk\u00f3wk\u0119, kt\u00f3ra trafi na anten\u0119&#8221; zamieszczono sond\u0119 na temat &#8222;Popetown&#8221;. Przez dwa tygodnie internauci g\u0142osowali za lub przeciw animowanemu serialowi. Ostatecznie przeciw zag\u0142osowa\u0142o 54 proc. os\u00f3b, podczas gdy &#8222;za&#8221; by\u0142o ich tylko 18 proc. W ankiecie oddano ponad 13 000 g\u0142os\u00f3w. <\/P><br \/>\n<P>Powody, dla kt\u00f3rych widzowie opowiadali si\u0119 w taki, a nie inny spos\u00f3b, by\u0142y r\u00f3\u017cne &#8211; od \u015bwiatopogl\u0105dowych po takie, \u017ce &#8222;telewizja muzyczna to nie miejsce dla kresk\u00f3wek&#8221;. <\/P><br \/>\n<P>&#8211; Z pewn\u0105 ulg\u0105 przyj\u0119li\u015bmy decyzj\u0119 naszych widz\u00f3w. Gdyby okaza\u0142o si\u0119, \u017ce chc\u0105 zobaczy\u0107 serial w MTV Polska, mieliby\u015bmy ci\u0119\u017cki orzech do zgryzienia &#8211; komentuje Monika Chojnacka, szef kana\u0142\u00f3w muzycznych w MTV Networks Polska.<\/P><br \/>\n<P>Akcja brytyjskiego &#8222;Popetown&#8221; rozgrywa si\u0119 w miasteczku pod t\u0105 sam\u0105 nazw\u0105, parodiuj\u0105cym Watykan. Papie\u017cem jest kilkuletni rozwydrzony ch\u0142opiec, a jego opiekunem Ojciec Nicholas. <\/P><br \/>\n<P>Na stronie www.mtv.pl ci\u0105gle mo\u017cna jeszcze g\u0142osowa\u0107 na jedn\u0105 z sze\u015bciu innych, ma\u0142o znanych w Polsce kresk\u00f3wek, takich jak m.in. &#8222;Bunny Theater&#8221; czy &#8222;Doodlez&#8221;. <\/P><\/p>\n","protected":false},"excerpt":{"rendered":"Widzowie zadecydowali: na antenie MTV Polska nie pojawi si\u0119 kontrowersyjna kresk\u00f3wka parodiuj\u0105ca papie\u017ca &quot;Popetown&quot;.","protected":false},"author":1,"featured_media":64412,"comment_status":"open","ping_status":"closed","sticky":false,"template":"","format":"standard","meta":{"csco_display_header_overlay":false,"csco_singular_sidebar":"","csco_page_header_type":"","csco_page_load_nextpost":"","csco_post_video_location":[],"csco_post_video_location_hash":"","csco_post_video_url":"","csco_post_video_bg_start_time":0,"csco_post_video_bg_end_time":0,"footnotes":""},"categories":[9670],"tags":[],"class_list":{"0":"post-64411","1":"post","2":"type-post","3":"status-publish","4":"format-standard","5":"has-post-thumbnail","7":"category-tv","8":"cs-entry","9":"cs-video-wrap"},"_links":{"self":[{"href":"https:\/\/mediarun.com\/pl\/wp-json\/wp\/v2\/posts\/64411","targetHints":{"allow":["GET"]}}],"collection":[{"href":"https:\/\/mediarun.com\/pl\/wp-json\/wp\/v2\/posts"}],"about":[{"href":"https:\/\/mediarun.com\/pl\/wp-json\/wp\/v2\/types\/post"}],"author":[{"embeddable":true,"href":"https:\/\/mediarun.com\/pl\/wp-json\/wp\/v2\/users\/1"}],"replies":[{"embeddable":true,"href":"https:\/\/mediarun.com\/pl\/wp-json\/wp\/v2\/comments?post=64411"}],"version-history":[{"count":0,"href":"https:\/\/mediarun.com\/pl\/wp-json\/wp\/v2\/posts\/64411\/revisions"}],"wp:featuredmedia":[{"embeddable":true,"href":"https:\/\/mediarun.com\/pl\/wp-json\/wp\/v2\/media\/64412"}],"wp:attachment":[{"href":"https:\/\/mediarun.com\/pl\/wp-json\/wp\/v2\/media?parent=64411"}],"wp:term":[{"taxonomy":"category","embeddable":true,"href":"https:\/\/mediarun.com\/pl\/wp-json\/wp\/v2\/categories?post=64411"},{"taxonomy":"post_tag","embeddable":true,"href":"https:\/\/mediarun.com\/pl\/wp-json\/wp\/v2\/tags?post=64411"}],"curies":[{"name":"wp","href":"https:\/\/api.w.org\/{rel}","templated":true}]}}