{"id":64031,"date":"2007-04-12T06:07:59","date_gmt":"2007-04-12T04:07:59","guid":{"rendered":"https:\/\/mediarun.com\/index.php\/news-posts\/nowe-osoby-w-polsacie\/"},"modified":"2007-04-12T06:07:59","modified_gmt":"2007-04-12T04:07:59","slug":"nowe-osoby-w-polsacie","status":"publish","type":"post","link":"https:\/\/mediarun.com\/pl\/media\/tv\/nowe-osoby-w-polsacie.html","title":{"rendered":"Nowe osoby w Polsacie"},"content":{"rendered":"<p>Dworniak zajmowa\u0107 si\u0119 b\u0119dzie nowymi projektami programowymi w Telewizji Polsat. Pracowa\u0142a m.in. przy koncercie wielkanocnym Piotra Rubika, obj\u0119\u0142a te\u017c opiek\u0119 nad programem &#8222;Jak Oni \u015bpiewaj\u0105&#8221;. W niedalekiej przysz\u0142o\u015bci wsp\u00f3\u0142pracowa\u0107 ma przy projektach muzycznych realizowanych przez Impresariat Telewizji Polsat m.in. przy Sopot TOPtrendy Festiwal.<\/p>\n<p>Dworniak zwi\u0105zana by\u0142a wcze\u015bniej z TVP2. Tam wsp\u00f3\u0142tworzy\u0142a cykl program\u00f3w m.in. &#8222;Pytanie na \u015bniadanie&#8221;, &#8222;Wideoteka doros\u0142ego cz\u0142owieka&#8221; oraz cykl koncert\u00f3w &#8222;Hity na czasie&#8221;. Od 2004 roku opiekowa\u0142a si\u0119 od strony redakcyjnej wszystkimi edycjami gali &#8222;Viva! Najpi\u0119kniejsi&#8221;.<\/p>\n<p>Artur Patkowski obj\u0105\u0142 funkcj\u0119 producenta kreatywnego ds. nowych projekt\u00f3w. Pierwszym zrealizowanym w ca\u0142o\u015bci przez niego projektem jest lifestyle&#8217;owe &#8222;Si\u0119 Kr\u0119ci&#8221;. Zosta\u0142 te\u017c redaktorem programu &#8222;Piotr Ba\u0142troczyk przedstawia&#8221;. <\/p>\n<p>Wcze\u015bniej Patkowski zwi\u0105zany by\u0142 tak\u017ce z Telewizyjn\u0105 Dw\u00f3jk\u0105, gdzie zajmowa\u0142 si\u0119 zar\u00f3wno prac\u0105 redakcyjn\u0105, jak i dziennikarsk\u0105 m.in. przy programach: &#8222;Gala Oskar\u00f3w&#8221; 2005 i 2006, &#8222;Wybory Miss \u015awiata 2005&#8221; oraz &#8222;Gala Miss Uniwersum&#8221; 2006. By\u0142 wydawc\u0105 codziennych blok\u00f3w programowych Dw\u00f3jki. W latach 2000- 2002 zajmowa\u0142 r\u00f3wnie\u017c stanowisko szefa oprawy i promocji TVP2.<\/p>\n","protected":false},"excerpt":{"rendered":"Gabriela Dworniak i Artur Patkowski obj\u0119li stanowiska producent\u00f3w kreatywnych w telewizji Polsat. Zar\u00f3wno Dworniak, jak i Patkowski zajm\u0105 si\u0119 nowymi projektami programowymi stacji.","protected":false},"author":1,"featured_media":64032,"comment_status":"open","ping_status":"closed","sticky":false,"template":"","format":"standard","meta":{"csco_display_header_overlay":false,"csco_singular_sidebar":"","csco_page_header_type":"","csco_page_load_nextpost":"","csco_post_video_location":[],"csco_post_video_location_hash":"","csco_post_video_url":"","csco_post_video_bg_start_time":0,"csco_post_video_bg_end_time":0,"footnotes":""},"categories":[9670],"tags":[],"class_list":{"0":"post-64031","1":"post","2":"type-post","3":"status-publish","4":"format-standard","5":"has-post-thumbnail","7":"category-tv","8":"cs-entry","9":"cs-video-wrap"},"_links":{"self":[{"href":"https:\/\/mediarun.com\/pl\/wp-json\/wp\/v2\/posts\/64031","targetHints":{"allow":["GET"]}}],"collection":[{"href":"https:\/\/mediarun.com\/pl\/wp-json\/wp\/v2\/posts"}],"about":[{"href":"https:\/\/mediarun.com\/pl\/wp-json\/wp\/v2\/types\/post"}],"author":[{"embeddable":true,"href":"https:\/\/mediarun.com\/pl\/wp-json\/wp\/v2\/users\/1"}],"replies":[{"embeddable":true,"href":"https:\/\/mediarun.com\/pl\/wp-json\/wp\/v2\/comments?post=64031"}],"version-history":[{"count":0,"href":"https:\/\/mediarun.com\/pl\/wp-json\/wp\/v2\/posts\/64031\/revisions"}],"wp:featuredmedia":[{"embeddable":true,"href":"https:\/\/mediarun.com\/pl\/wp-json\/wp\/v2\/media\/64032"}],"wp:attachment":[{"href":"https:\/\/mediarun.com\/pl\/wp-json\/wp\/v2\/media?parent=64031"}],"wp:term":[{"taxonomy":"category","embeddable":true,"href":"https:\/\/mediarun.com\/pl\/wp-json\/wp\/v2\/categories?post=64031"},{"taxonomy":"post_tag","embeddable":true,"href":"https:\/\/mediarun.com\/pl\/wp-json\/wp\/v2\/tags?post=64031"}],"curies":[{"name":"wp","href":"https:\/\/api.w.org\/{rel}","templated":true}]}}