{"id":63914,"date":"2007-04-17T06:00:00","date_gmt":"2007-04-17T04:00:00","guid":{"rendered":"https:\/\/mediarun.com\/index.php\/news-posts\/kwestionariusz-rafal-olejniczak\/"},"modified":"2007-04-17T06:00:00","modified_gmt":"2007-04-17T04:00:00","slug":"kwestionariusz-rafal-olejniczak","status":"publish","type":"post","link":"https:\/\/mediarun.com\/pl\/ludzie\/kwestionariusz\/kwestionariusz-rafal-olejniczak.html","title":{"rendered":"Kwestionariusz: Rafa\u0142 Olejniczak"},"content":{"rendered":"<p><P><STRONG>Rodzina&#8230;<\/STRONG> zawsze najwa\u017cniejsza, zw\u0142aszcza w\u0142asna.<BR><BR><STRONG>Mieszkam&#8230;<\/STRONG> w Natolinie, ale nie w tym pa\u0142acu.<BR><BR><STRONG>Moja kariera&#8230;<\/STRONG> kariera nie jest celem, alleluja i do przodu.<BR><BR><STRONG>Konkurencji zazdroszcz\u0119&#8230;<\/STRONG> nie zazdroszcz\u0119 niczego, ka\u017cdy ma w\u0142asne plusy dodatnie i plusy ujemne.<BR><BR><STRONG>Brakuje mi odwagi&#8230;<\/STRONG> \u017ceby skoczy\u0107 bez spadochronu, ze spadochronem prosz\u0119 bardzo.<BR><BR><STRONG>Pora\u017cki&#8230;<\/STRONG> znosz\u0119 coraz lepiej.<BR><BR><STRONG>Ludzi oceniam&#8230;<\/STRONG> b\u0142yskawicznie.<BR><BR><STRONG>Rezygnuj\u0119, kiedy&#8230;<\/STRONG> trac\u0119 czas.<BR><BR><STRONG>Nie interesuje mnie&#8230;<\/STRONG> zdanie ludzi, kt\u00f3rych nie szanuj\u0119.<BR><BR><STRONG>Zawsze znajd\u0119 czas na&#8230;<\/STRONG> przyjaci\u00f3\u0142.<BR><BR><STRONG>Znajomym polecam&#8230;<\/STRONG> co sam lubi\u0119, czyli g\u0142\u00f3wnie filmy i muzyk\u0119.<BR><BR><STRONG>Niezast\u0105piony gad\u017cet&#8230;<\/STRONG> jednak iPod.<BR><BR><STRONG>Pieni\u0105dze wydaj\u0119&#8230;<\/STRONG> wydaje mi si\u0119, \u017ce nie wydaj\u0119 i zawsze si\u0119 dziwi\u0119, \u017ce jednak wydaj\u0119&#8230;<BR><BR><STRONG>Podr\u00f3\u017ce&#8230;<\/STRONG> uwielbiam, dok\u0105dkolwiek.<\/P><\/p>\n","protected":false},"excerpt":{"rendered":"Nie mieszka w pa\u0142acu i nie traci czasu. Nasz kwestionariusz wype\u0142ni\u0142 Rafa\u0142 Olejniczak, zast\u0119pca redaktora naczelnego Radia Zet.","protected":false},"author":1,"featured_media":63915,"comment_status":"open","ping_status":"closed","sticky":false,"template":"","format":"standard","meta":{"csco_display_header_overlay":false,"csco_singular_sidebar":"","csco_page_header_type":"","csco_page_load_nextpost":"","csco_post_video_location":[],"csco_post_video_location_hash":"","csco_post_video_url":"","csco_post_video_bg_start_time":0,"csco_post_video_bg_end_time":0,"footnotes":""},"categories":[9679],"tags":[1703],"class_list":{"0":"post-63914","1":"post","2":"type-post","3":"status-publish","4":"format-standard","5":"has-post-thumbnail","7":"category-kwestionariusz","8":"tag-ipod","9":"cs-entry","10":"cs-video-wrap"},"_links":{"self":[{"href":"https:\/\/mediarun.com\/pl\/wp-json\/wp\/v2\/posts\/63914","targetHints":{"allow":["GET"]}}],"collection":[{"href":"https:\/\/mediarun.com\/pl\/wp-json\/wp\/v2\/posts"}],"about":[{"href":"https:\/\/mediarun.com\/pl\/wp-json\/wp\/v2\/types\/post"}],"author":[{"embeddable":true,"href":"https:\/\/mediarun.com\/pl\/wp-json\/wp\/v2\/users\/1"}],"replies":[{"embeddable":true,"href":"https:\/\/mediarun.com\/pl\/wp-json\/wp\/v2\/comments?post=63914"}],"version-history":[{"count":0,"href":"https:\/\/mediarun.com\/pl\/wp-json\/wp\/v2\/posts\/63914\/revisions"}],"wp:featuredmedia":[{"embeddable":true,"href":"https:\/\/mediarun.com\/pl\/wp-json\/wp\/v2\/media\/63915"}],"wp:attachment":[{"href":"https:\/\/mediarun.com\/pl\/wp-json\/wp\/v2\/media?parent=63914"}],"wp:term":[{"taxonomy":"category","embeddable":true,"href":"https:\/\/mediarun.com\/pl\/wp-json\/wp\/v2\/categories?post=63914"},{"taxonomy":"post_tag","embeddable":true,"href":"https:\/\/mediarun.com\/pl\/wp-json\/wp\/v2\/tags?post=63914"}],"curies":[{"name":"wp","href":"https:\/\/api.w.org\/{rel}","templated":true}]}}