{"id":63827,"date":"2007-04-19T06:00:00","date_gmt":"2007-04-19T04:00:00","guid":{"rendered":"https:\/\/mediarun.com\/index.php\/news-posts\/sobala-pokieruje-jedynka-a-nie-radiem-bis\/"},"modified":"2007-04-19T06:00:00","modified_gmt":"2007-04-19T04:00:00","slug":"sobala-pokieruje-jedynka-a-nie-radiem-bis","status":"publish","type":"post","link":"https:\/\/mediarun.com\/pl\/media\/radio\/sobala-pokieruje-jedynka-a-nie-radiem-bis.html","title":{"rendered":"Sobala pokieruje Jedynk\u0105, a nie Radiem Bis"},"content":{"rendered":"<p><P>Zarz\u0105d Polskiego Radia w \u015brod\u0119 podj\u0105\u0142 decyzj\u0119, \u017ce z ko\u0144cem kwietnia dyrektorem radiowej Jedynki przestanie by\u0107 Marcin Wolski. Nowym szefem stacji ma by\u0107 Jacek Sobala, obecny dyrektor Radia Bis. M\u0142odzie\u017cow\u0105 rozg\u0142o\u015bni\u0105 tymczasowo kierowa\u0107 b\u0119dzie Adam Fija\u0142kowski, zast\u0119pca Sobali.<\/P><br \/>\n<P>Z funkcji dyrektora Informacyjnej Agencji Radiowej odwo\u0142any zosta\u0142 Maciej \u0141\u0119towski. Jak informuje Tadeusz Fredro&nbsp;&#8211; Boniecki, rzecznik PR, do czasu powo\u0142ani nowego szefa IAR, agencj\u0105 b\u0119dzie kierowa\u0142 dotychczasowy zast\u0119pca&nbsp;&#8211; Wincenty Pipka.<\/P><\/p>\n","protected":false},"excerpt":{"rendered":"Jacek Sobala b\u0119dzie od maja dyrektorem radiowej Jedynki. Zast\u0105pi Marcina Wolskiego. Natomiast Maciej \u0141\u0119towski przestanie kierowa\u0107 IAR.","protected":false},"author":1,"featured_media":0,"comment_status":"open","ping_status":"closed","sticky":false,"template":"","format":"standard","meta":{"csco_display_header_overlay":false,"csco_singular_sidebar":"","csco_page_header_type":"","csco_page_load_nextpost":"","csco_post_video_location":[],"csco_post_video_location_hash":"","csco_post_video_url":"","csco_post_video_bg_start_time":0,"csco_post_video_bg_end_time":0,"footnotes":""},"categories":[9672],"tags":[],"class_list":{"0":"post-63827","1":"post","2":"type-post","3":"status-publish","4":"format-standard","6":"category-radio","7":"cs-entry","8":"cs-video-wrap"},"_links":{"self":[{"href":"https:\/\/mediarun.com\/pl\/wp-json\/wp\/v2\/posts\/63827","targetHints":{"allow":["GET"]}}],"collection":[{"href":"https:\/\/mediarun.com\/pl\/wp-json\/wp\/v2\/posts"}],"about":[{"href":"https:\/\/mediarun.com\/pl\/wp-json\/wp\/v2\/types\/post"}],"author":[{"embeddable":true,"href":"https:\/\/mediarun.com\/pl\/wp-json\/wp\/v2\/users\/1"}],"replies":[{"embeddable":true,"href":"https:\/\/mediarun.com\/pl\/wp-json\/wp\/v2\/comments?post=63827"}],"version-history":[{"count":0,"href":"https:\/\/mediarun.com\/pl\/wp-json\/wp\/v2\/posts\/63827\/revisions"}],"wp:attachment":[{"href":"https:\/\/mediarun.com\/pl\/wp-json\/wp\/v2\/media?parent=63827"}],"wp:term":[{"taxonomy":"category","embeddable":true,"href":"https:\/\/mediarun.com\/pl\/wp-json\/wp\/v2\/categories?post=63827"},{"taxonomy":"post_tag","embeddable":true,"href":"https:\/\/mediarun.com\/pl\/wp-json\/wp\/v2\/tags?post=63827"}],"curies":[{"name":"wp","href":"https:\/\/api.w.org\/{rel}","templated":true}]}}