{"id":63762,"date":"2007-04-22T00:39:35","date_gmt":"2007-04-21T22:39:35","guid":{"rendered":"https:\/\/mediarun.com\/index.php\/news-posts\/rada-nadzorcza-pr-zawiesila-targalskiego\/"},"modified":"2007-04-22T00:39:35","modified_gmt":"2007-04-21T22:39:35","slug":"rada-nadzorcza-pr-zawiesila-targalskiego","status":"publish","type":"post","link":"https:\/\/mediarun.com\/pl\/media\/radio\/rada-nadzorcza-pr-zawiesila-targalskiego.html","title":{"rendered":"Rada nadzorcza PR zawiesi\u0142a Targalskiego"},"content":{"rendered":"<p>Krzysztof Czaba\u0144ski, prezes Polskiego Radia, kilka dni temu zwr\u00f3ci\u0142 si\u0119 do rady nadzorczej o zawieszenie w pe\u0142nieniu obowi\u0105zk\u00f3w cz\u0142onka zarz\u0105du PR przez Jerzego Targalskiego.<\/p>\n<p>Rada nadzorcza Polskiego Radia zebra\u0142a si\u0119 w sobot\u0119. Wniosek Czaba\u0144skiego trafi\u0142 pod obrady jako ostatni punkt posiedzenia. RN PR podj\u0119\u0142a decyzj\u0119, \u017ce Jerzy Targalski nie b\u0119dzie piastowa\u0142 funkcji cz\u0142onka zarz\u0105du a\u017c publicznie wyja\u015bniona zostanie sprawa zwi\u0105zana z kierowaniem nagannych wypowiedzi w stosunku do pracownik\u00f3w publicznego radia przez Targalskiego.<\/p>\n<p><B>Godzic: to krok w bardzo po\u017c\u0105danym kierunku<\/B><\/p>\n<p>&#8211; Zawieszenie prezesa Targalskiego to krok w bardzo po\u017c\u0105danym kierunku, je\u015bli chodzi o transparentno\u015b\u0107 w\u0142adz sp\u00f3\u0142ek medium publicznych &#8211; uwa\u017ca medioznawcza Wies\u0142aw Godzic.<\/p>\n<p>Zdaniem Godzica, wcze\u015bniejsze wypowiedzi prezesa Targalskiego dyskwalifikowa\u0142y go do obj\u0119cia tej posady. &#8211; Trzeba by\u0142o dopiero osobistych akt\u00f3w agresji z jego strony &#8211; jak twierdz\u0105 pokrzywdzeni &#8211; \u017ceby zrezygnowano z jego udzia\u0142u w zarz\u0105dzie &#8211; t\u0142umaczy nam.<\/p>\n<p>&#8211; Bardzo to wszystko smutne i napawa groz\u0105, gdy patrzy si\u0119 na metody wyboru szef\u00f3w medi\u00f3w publicznych. Nie s\u0105 oni w \u017cadnym stopniu wzorcem moralnym dla innych medi\u00f3w i dziennikarzy, a tak\u017ce nie reprezentuj\u0105 najwy\u017cszych umiej\u0119tno\u015bci profesjonalnych &#8211; m\u00f3wi nam Wies\u0142aw Godzic.<\/p>\n<p><B>REM: s\u0142owa Targalskiego obra\u017caj\u0105 ludzi<\/B><\/p>\n<p>W po\u0142owie kwietnia Gazeta Wyborcza opublikowa\u0142a artyku\u0142, w kt\u00f3rym autorka opisa\u0142a poni\u017caj\u0105ce zachowania Jerzego Targalskiego w stosunku do pracownik\u00f3w radia, m.in. do Marii Szab\u0142owskiej.<\/p>\n<p>Sam Jerzy Targalski zaprzeczy\u0142 w pi\u015bmie do Krzysztofa Czaba\u0144skiego, \u017ce u\u017cy\u0142 wobec dziennikarki s\u0142\u00f3w, kt\u00f3re cytowa\u0142a Gazeta Wyborcza. Targalski zapowiedzia\u0142 tak\u017ce z\u0142o\u017cenie pozwu do s\u0105du przeciwko GW, jak i Agnieszce Kublik, autorce artyku\u0142u, za naruszenie d\u00f3br osobistych.<\/p>\n<p>Spraw\u0105 zainteresowa\u0142 si\u0119 Rzecznik Praw Obywatelskich Janusz Kochanowski, kt\u00f3ry zwr\u00f3ci\u0142 si\u0119 do G\u0142\u00f3wnego Inspektora Pracy o zbadanie, czy wypowiedzi Targalskiego nie naruszy\u0142y przepis\u00f3w kodeksu pracy.<\/p>\n<p>Oburzenie z powodu wypowiedzi wiceprezesa Polskiego Radia wyrazi\u0142a Rada Etyki Medi\u00f3w. &#8211; Rada Etyki Medi\u00f3w wyrazi\u0142a oburzenie z powodu wypowiedzi cz\u0142onka zarz\u0105du Polskiego Radia Jerzego Targalskiego pod adresem pracownik\u00f3w. &#8211; S\u0142owa i zwroty prezesa obra\u017caj\u0105 ludzi, naruszaj\u0105 ich godno\u015b\u0107, dezawuuj\u0105 ich walory zawodowe i osobiste &#8211; czytamy w o\u015bwiadczeniu REM przekazanym Polskiej Agencji Prasowej.<\/p>\n<p>W obronie Jerzego Targalskiego, jak donosi PAP, stan\u0119\u0142a grupa dzia\u0142aczy solidarno\u015bciowych, artyst\u00f3w i publicyst\u00f3w. Ich zdaniem wiceprezes Polskiego Radia sta\u0142 si\u0119 obiektem medialnej nagonki.<\/p>\n","protected":false},"excerpt":{"rendered":"Jerzy Targalski zosta\u0142 zawieszony w pe\u0142nieniu obowi\u0105zk\u00f3w cz\u0142onka zarz\u0105du Polskiego Radia do czasu wyja\u015bnienia zarzut\u00f3w dotycz\u0105cych jego nagannych wypowiedzi &#8211; informuje Tadeusz Fredro &#8211; Boniecki, rzecznik PR. Tak\u0105 decyzj\u0119 podj\u0119\u0142a w sobot\u0119 rada nadzorcza publicznego radia. Wnioskowa\u0142 o to Krzysztof Czaba\u0144ski, prezes Polskiego Radia.","protected":false},"author":1,"featured_media":63763,"comment_status":"open","ping_status":"closed","sticky":false,"template":"","format":"standard","meta":{"csco_display_header_overlay":false,"csco_singular_sidebar":"","csco_page_header_type":"","csco_page_load_nextpost":"","csco_post_video_location":[],"csco_post_video_location_hash":"","csco_post_video_url":"","csco_post_video_bg_start_time":0,"csco_post_video_bg_end_time":0,"footnotes":""},"categories":[9672],"tags":[],"class_list":{"0":"post-63762","1":"post","2":"type-post","3":"status-publish","4":"format-standard","5":"has-post-thumbnail","7":"category-radio","8":"cs-entry","9":"cs-video-wrap"},"_links":{"self":[{"href":"https:\/\/mediarun.com\/pl\/wp-json\/wp\/v2\/posts\/63762","targetHints":{"allow":["GET"]}}],"collection":[{"href":"https:\/\/mediarun.com\/pl\/wp-json\/wp\/v2\/posts"}],"about":[{"href":"https:\/\/mediarun.com\/pl\/wp-json\/wp\/v2\/types\/post"}],"author":[{"embeddable":true,"href":"https:\/\/mediarun.com\/pl\/wp-json\/wp\/v2\/users\/1"}],"replies":[{"embeddable":true,"href":"https:\/\/mediarun.com\/pl\/wp-json\/wp\/v2\/comments?post=63762"}],"version-history":[{"count":0,"href":"https:\/\/mediarun.com\/pl\/wp-json\/wp\/v2\/posts\/63762\/revisions"}],"wp:featuredmedia":[{"embeddable":true,"href":"https:\/\/mediarun.com\/pl\/wp-json\/wp\/v2\/media\/63763"}],"wp:attachment":[{"href":"https:\/\/mediarun.com\/pl\/wp-json\/wp\/v2\/media?parent=63762"}],"wp:term":[{"taxonomy":"category","embeddable":true,"href":"https:\/\/mediarun.com\/pl\/wp-json\/wp\/v2\/categories?post=63762"},{"taxonomy":"post_tag","embeddable":true,"href":"https:\/\/mediarun.com\/pl\/wp-json\/wp\/v2\/tags?post=63762"}],"curies":[{"name":"wp","href":"https:\/\/api.w.org\/{rel}","templated":true}]}}