{"id":63718,"date":"2007-04-23T06:08:17","date_gmt":"2007-04-23T04:08:17","guid":{"rendered":"https:\/\/mediarun.com\/index.php\/news-posts\/radio-bis-informacyjne\/"},"modified":"2007-04-23T06:08:17","modified_gmt":"2007-04-23T04:08:17","slug":"radio-bis-informacyjne","status":"publish","type":"post","link":"https:\/\/mediarun.com\/pl\/media\/radio\/radio-bis-informacyjne.html","title":{"rendered":"Radio Bis informacyjne?"},"content":{"rendered":"<p>Tadeusz Fredro &#8211; Boniecki przypomina, \u017ce Krzysztof Czaba\u0144ski, prezes Polskiego Radia, przychodz\u0105c do publicznego radia zapowiedzia\u0142, \u017ce PR powinno posiada\u0107 anten\u0119 z bogatymi serwisami informacyjnymi, reporta\u017cami i s\u0142uchowiskami radiowymi.<\/p>\n<p>&#8211; Kiedy\u015b Radio Bis mia\u0142o wyrazist\u0105 formu\u0142\u0119 radia edukacyjnego &#8211; m\u00f3wi nam Fredro &#8211; Boniecki. P\u00f3\u017aniej stacja zosta\u0142a przekszta\u0142cona w rozg\u0142o\u015bni\u0119 m\u0142odzie\u017cow\u0105. &#8211; Ta formu\u0142a nie bardzo nam si\u0119 sprawdza &#8211; przyznaje rzecznik.<\/p>\n<p>Formu\u0142a Radia Bis nie zostanie zmieniona na pewno do zako\u0144czenia procesu optymalizacji sieci nadawczych Polskiego Radia. Jednym z pomys\u0142\u00f3w jest zmiana Radia Bis w rozg\u0142o\u015bni\u0119 s\u0142owno &#8211; informacyjn\u0105.<\/p>\n","protected":false},"excerpt":{"rendered":"Wiele wskazuje na to, \u017ce ju\u017c nied\u0142ugo Radio Bis zmieni swoj\u0105 formu\u0142\u0119. By\u0107 mo\u017ce rozg\u0142o\u015bnia zostanie przekszta\u0142cona w stacj\u0119 s\u0142owo &#8211; informacyjn\u0105. &#8211; Na razie s\u0105 rozwa\u017cane r\u00f3\u017cne koncepcje &#8211; m\u00f3wi nam Tadeusz Fredro &#8211; Boniecki, rzecznik prasowy Polskiego Radia.","protected":false},"author":1,"featured_media":63719,"comment_status":"open","ping_status":"closed","sticky":false,"template":"","format":"standard","meta":{"csco_display_header_overlay":false,"csco_singular_sidebar":"","csco_page_header_type":"","csco_page_load_nextpost":"","csco_post_video_location":[],"csco_post_video_location_hash":"","csco_post_video_url":"","csco_post_video_bg_start_time":0,"csco_post_video_bg_end_time":0,"footnotes":""},"categories":[9672],"tags":[],"class_list":{"0":"post-63718","1":"post","2":"type-post","3":"status-publish","4":"format-standard","5":"has-post-thumbnail","7":"category-radio","8":"cs-entry","9":"cs-video-wrap"},"_links":{"self":[{"href":"https:\/\/mediarun.com\/pl\/wp-json\/wp\/v2\/posts\/63718","targetHints":{"allow":["GET"]}}],"collection":[{"href":"https:\/\/mediarun.com\/pl\/wp-json\/wp\/v2\/posts"}],"about":[{"href":"https:\/\/mediarun.com\/pl\/wp-json\/wp\/v2\/types\/post"}],"author":[{"embeddable":true,"href":"https:\/\/mediarun.com\/pl\/wp-json\/wp\/v2\/users\/1"}],"replies":[{"embeddable":true,"href":"https:\/\/mediarun.com\/pl\/wp-json\/wp\/v2\/comments?post=63718"}],"version-history":[{"count":0,"href":"https:\/\/mediarun.com\/pl\/wp-json\/wp\/v2\/posts\/63718\/revisions"}],"wp:featuredmedia":[{"embeddable":true,"href":"https:\/\/mediarun.com\/pl\/wp-json\/wp\/v2\/media\/63719"}],"wp:attachment":[{"href":"https:\/\/mediarun.com\/pl\/wp-json\/wp\/v2\/media?parent=63718"}],"wp:term":[{"taxonomy":"category","embeddable":true,"href":"https:\/\/mediarun.com\/pl\/wp-json\/wp\/v2\/categories?post=63718"},{"taxonomy":"post_tag","embeddable":true,"href":"https:\/\/mediarun.com\/pl\/wp-json\/wp\/v2\/tags?post=63718"}],"curies":[{"name":"wp","href":"https:\/\/api.w.org\/{rel}","templated":true}]}}