{"id":63708,"date":"2007-04-23T16:12:29","date_gmt":"2007-04-23T14:12:29","guid":{"rendered":"https:\/\/mediarun.com\/index.php\/news-posts\/oskarzyl-wiec-nie-pojawi-sie-na-antenie\/"},"modified":"2007-04-23T16:12:29","modified_gmt":"2007-04-23T14:12:29","slug":"oskarzyl-wiec-nie-pojawi-sie-na-antenie","status":"publish","type":"post","link":"https:\/\/mediarun.com\/pl\/media\/radio\/oskarzyl-wiec-nie-pojawi-sie-na-antenie.html","title":{"rendered":"Oskar\u017cy\u0142, wi\u0119c nie pojawi si\u0119 na antenie"},"content":{"rendered":"<p>Grzegorz Braun pod koniec ubieg\u0142ego tygodnia oskar\u017cy\u0142 na antenie Polskiego Radia Wroc\u0142aw prof. Jana Miodka o wsp\u00f3\u0142prac\u0119 z SB. Jednak Braun nie zdradzi\u0142 na jakiej podstawie oskar\u017cy\u0142 profesora. Dlatego Polskie Radio Wroc\u0142aw zdecydowa\u0142o si\u0119 zawiesi\u0107 wsp\u00f3\u0142prac\u0119 z publicyst\u0105.<\/p>\n<p>&#8211; Polskie Radio Wroc\u0142aw nie zamierza wprowadza\u0107 cenzury lub innych ogranicze\u0144 uniemo\u017cliwiaj\u0105cych prezentowanie temat\u00f3w istotnych dla s\u0142uchaczy. W ca\u0142ej tej sprawie, Polskie Radio Wroc\u0142aw wyst\u0119puje jako pos\u0142aniec przekazuj\u0105cy wiadomo\u015bci &#8211; pisze w specjalnym o\u015bwiadczeniu Pawe\u0142 Majcher, redaktor naczelny rozg\u0142o\u015bni. <\/p>\n","protected":false},"excerpt":{"rendered":"W zwi\u0105zku z tym, \u017ce Grzegorz Braun nie chce ujawni\u0107 na jakiej podstawie oskar\u017cy\u0142 prof. Jana Miodka o wsp\u00f3\u0142prac\u0119 z SB, Polskie Radio Wroc\u0142aw zdecydowa\u0142o, \u017ce publicysta b\u0119dzie pojawia\u0142 si\u0119 na antenie rozg\u0142o\u015bni do czasu wyja\u015bnienia sprawy.","protected":false},"author":1,"featured_media":63709,"comment_status":"open","ping_status":"closed","sticky":false,"template":"","format":"standard","meta":{"csco_display_header_overlay":false,"csco_singular_sidebar":"","csco_page_header_type":"","csco_page_load_nextpost":"","csco_post_video_location":[],"csco_post_video_location_hash":"","csco_post_video_url":"","csco_post_video_bg_start_time":0,"csco_post_video_bg_end_time":0,"footnotes":""},"categories":[9672],"tags":[],"class_list":{"0":"post-63708","1":"post","2":"type-post","3":"status-publish","4":"format-standard","5":"has-post-thumbnail","7":"category-radio","8":"cs-entry","9":"cs-video-wrap"},"_links":{"self":[{"href":"https:\/\/mediarun.com\/pl\/wp-json\/wp\/v2\/posts\/63708","targetHints":{"allow":["GET"]}}],"collection":[{"href":"https:\/\/mediarun.com\/pl\/wp-json\/wp\/v2\/posts"}],"about":[{"href":"https:\/\/mediarun.com\/pl\/wp-json\/wp\/v2\/types\/post"}],"author":[{"embeddable":true,"href":"https:\/\/mediarun.com\/pl\/wp-json\/wp\/v2\/users\/1"}],"replies":[{"embeddable":true,"href":"https:\/\/mediarun.com\/pl\/wp-json\/wp\/v2\/comments?post=63708"}],"version-history":[{"count":0,"href":"https:\/\/mediarun.com\/pl\/wp-json\/wp\/v2\/posts\/63708\/revisions"}],"wp:featuredmedia":[{"embeddable":true,"href":"https:\/\/mediarun.com\/pl\/wp-json\/wp\/v2\/media\/63709"}],"wp:attachment":[{"href":"https:\/\/mediarun.com\/pl\/wp-json\/wp\/v2\/media?parent=63708"}],"wp:term":[{"taxonomy":"category","embeddable":true,"href":"https:\/\/mediarun.com\/pl\/wp-json\/wp\/v2\/categories?post=63708"},{"taxonomy":"post_tag","embeddable":true,"href":"https:\/\/mediarun.com\/pl\/wp-json\/wp\/v2\/tags?post=63708"}],"curies":[{"name":"wp","href":"https:\/\/api.w.org\/{rel}","templated":true}]}}