{"id":63698,"date":"2007-04-24T06:00:00","date_gmt":"2007-04-24T04:00:00","guid":{"rendered":"https:\/\/mediarun.com\/index.php\/news-posts\/jesienia-ruszy-satelitarna-tv-bialorus\/"},"modified":"2007-04-24T06:00:00","modified_gmt":"2007-04-24T04:00:00","slug":"jesienia-ruszy-satelitarna-tv-bialorus","status":"publish","type":"post","link":"https:\/\/mediarun.com\/pl\/media\/tv\/jesienia-ruszy-satelitarna-tv-bialorus.html","title":{"rendered":"Jesieni\u0105 ruszy satelitarna TV Bia\u0142oru\u015b"},"content":{"rendered":"<p><P>wsp\u00f3\u0142finansowania Kana\u0142u ze specjalnej rezerwy bud\u017cetowej, b\u0119d\u0105cej w dyspozycji MSZ &#8211; poinformowa\u0142a TVP.<\/P><br \/>\n<P>&#8211; B\u0119dzie to kana\u0142 satelitarny. Rozpocz\u0119cie emisji przewidujemy na 15 pa\u017adziernika &#8211; powiedzia\u0142a PAP Beata Paklepa z komisji przygotowuj\u0105cej projekt. Program b\u0119dzie nadawany z dw\u00f3ch satelit\u00f3w przez 15 godzin na dob\u0119.<\/P><br \/>\n<P>&#8222;Idea powo\u0142ania takiego Kana\u0142u jest odpowiedzi\u0105 na potrzeby, kt\u00f3re zg\u0142asza\u0142y bia\u0142oruskie \u015brodowiska demokratyczne, ludzie kultury i wszyscy ci, kt\u00f3rych nie zadawala\u0142a oficjalna propaganda&#8221; &#8211; napisa\u0142 sekretariat nowego Kana\u0142u w TVP, przypominaj\u0105c, \u017ce na Bia\u0142orusi utrudniony jest nie tylko dost\u0119p do niezale\u017cnej informacji, ale i do dziedzictwa i d\u00f3br kultury.<\/P><br \/>\n<P>W bud\u017cecie pa\u0144stwa na bie\u017c\u0105cy rok na Kana\u0142 TV Bia\u0142oru\u015b zarezerwowano 16 mln z\u0142.<\/P><\/p>\n","protected":false},"excerpt":{"rendered":"TVP i MSZ podpisa\u0142y w poniedzia\u0142ek porozumienie w sprawie utworzenia Kana\u0142u TV Bia\u0142oru\u015b. Wieloletnie porozumienie okre\u015bla zasady&#8230;","protected":false},"author":1,"featured_media":0,"comment_status":"open","ping_status":"closed","sticky":false,"template":"","format":"standard","meta":{"csco_display_header_overlay":false,"csco_singular_sidebar":"","csco_page_header_type":"","csco_page_load_nextpost":"","csco_post_video_location":[],"csco_post_video_location_hash":"","csco_post_video_url":"","csco_post_video_bg_start_time":0,"csco_post_video_bg_end_time":0,"footnotes":""},"categories":[9670],"tags":[2882],"class_list":{"0":"post-63698","1":"post","2":"type-post","3":"status-publish","4":"format-standard","6":"category-tv","7":"tag-budzet","8":"cs-entry","9":"cs-video-wrap"},"_links":{"self":[{"href":"https:\/\/mediarun.com\/pl\/wp-json\/wp\/v2\/posts\/63698","targetHints":{"allow":["GET"]}}],"collection":[{"href":"https:\/\/mediarun.com\/pl\/wp-json\/wp\/v2\/posts"}],"about":[{"href":"https:\/\/mediarun.com\/pl\/wp-json\/wp\/v2\/types\/post"}],"author":[{"embeddable":true,"href":"https:\/\/mediarun.com\/pl\/wp-json\/wp\/v2\/users\/1"}],"replies":[{"embeddable":true,"href":"https:\/\/mediarun.com\/pl\/wp-json\/wp\/v2\/comments?post=63698"}],"version-history":[{"count":0,"href":"https:\/\/mediarun.com\/pl\/wp-json\/wp\/v2\/posts\/63698\/revisions"}],"wp:attachment":[{"href":"https:\/\/mediarun.com\/pl\/wp-json\/wp\/v2\/media?parent=63698"}],"wp:term":[{"taxonomy":"category","embeddable":true,"href":"https:\/\/mediarun.com\/pl\/wp-json\/wp\/v2\/categories?post=63698"},{"taxonomy":"post_tag","embeddable":true,"href":"https:\/\/mediarun.com\/pl\/wp-json\/wp\/v2\/tags?post=63698"}],"curies":[{"name":"wp","href":"https:\/\/api.w.org\/{rel}","templated":true}]}}